{"id":1006,"date":"2026-03-25T17:25:00","date_gmt":"2026-03-25T16:25:00","guid":{"rendered":"https:\/\/www.recoleta.edu.pe\/blog\/?p=1006\/"},"modified":"2026-04-29T17:26:33","modified_gmt":"2026-04-29T15:26:33","slug":"domingo-de-ramos","status":"publish","type":"post","link":"https:\/\/www.recoleta.edu.pe\/blog\/domingo-de-ramos\/","title":{"rendered":"El significado del Domingo de Ramos explicado para familias\u00a0"},"content":{"rendered":"\n<p>El Domingo de Ramos marca el inicio de la Semana Santa y es una de las celebraciones m\u00e1s significativas para los cristianos. Este d\u00eda recuerda la entrada de Jes\u00fas en Jerusal\u00e9n, cuando fue recibido por la multitud con ramos de palma y gestos de alegr\u00eda.&nbsp;<\/p>\n\n\n\n<p>Para muchas familias, el Domingo de Ramos tambi\u00e9n es una oportunidad para compartir con los ni\u00f1os el sentido profundo de esta celebraci\u00f3n. A trav\u00e9s de gestos sencillos, momentos de oraci\u00f3n y conversaciones sobre la fe, es posible acercar a los m\u00e1s peque\u00f1os al significado de esta fecha de manera cercana y comprensible.&nbsp;<\/p>\n\n\n\n<figure class=\"wp-block-image size-large\"><img loading=\"lazy\" decoding=\"async\" width=\"1024\" height=\"582\" src=\"https:\/\/www.recoleta.edu.pe\/blog\/\/wp-content\/uploads\/2026\/04\/domingo-de-ramos-nota-1024x582.jpg\" alt=\"\" class=\"wp-image-1009\" srcset=\"https:\/\/www.recoleta.edu.pe\/blog\/wp-content\/uploads\/2026\/04\/domingo-de-ramos-nota-1024x582.jpg 1024w, https:\/\/www.recoleta.edu.pe\/blog\/wp-content\/uploads\/2026\/04\/domingo-de-ramos-nota-300x170.jpg 300w, https:\/\/www.recoleta.edu.pe\/blog\/wp-content\/uploads\/2026\/04\/domingo-de-ramos-nota-768x436.jpg 768w, https:\/\/www.recoleta.edu.pe\/blog\/wp-content\/uploads\/2026\/04\/domingo-de-ramos-nota.jpg 1320w\" sizes=\"auto, (max-width: 1024px) 100vw, 1024px\" \/><\/figure>\n\n\n\n<div id=\"ez-toc-container\" class=\"ez-toc-v2_0_82_2 counter-hierarchy ez-toc-counter ez-toc-grey ez-toc-container-direction\">\n<div class=\"ez-toc-title-container\">\n<p class=\"ez-toc-title\" style=\"cursor:inherit\">Tabla de contenidos<\/p>\n<span class=\"ez-toc-title-toggle\"><a href=\"#\" class=\"ez-toc-pull-right ez-toc-btn ez-toc-btn-xs ez-toc-btn-default ez-toc-toggle\" aria-label=\"Alternar tabla de contenidos\"><span class=\"ez-toc-js-icon-con\"><span class=\"\"><span class=\"eztoc-hide\" style=\"display:none;\">Toggle<\/span><span class=\"ez-toc-icon-toggle-span\"><svg style=\"fill: #999;color:#999\" xmlns=\"http:\/\/www.w3.org\/2000\/svg\" class=\"list-377408\" width=\"20px\" height=\"20px\" viewBox=\"0 0 24 24\" fill=\"none\"><path d=\"M6 6H4v2h2V6zm14 0H8v2h12V6zM4 11h2v2H4v-2zm16 0H8v2h12v-2zM4 16h2v2H4v-2zm16 0H8v2h12v-2z\" fill=\"currentColor\"><\/path><\/svg><svg style=\"fill: #999;color:#999\" class=\"arrow-unsorted-368013\" xmlns=\"http:\/\/www.w3.org\/2000\/svg\" width=\"10px\" height=\"10px\" viewBox=\"0 0 24 24\" version=\"1.2\" baseProfile=\"tiny\"><path d=\"M18.2 9.3l-6.2-6.3-6.2 6.3c-.2.2-.3.4-.3.7s.1.5.3.7c.2.2.4.3.7.3h11c.3 0 .5-.1.7-.3.2-.2.3-.5.3-.7s-.1-.5-.3-.7zM5.8 14.7l6.2 6.3 6.2-6.3c.2-.2.3-.5.3-.7s-.1-.5-.3-.7c-.2-.2-.4-.3-.7-.3h-11c-.3 0-.5.1-.7.3-.2.2-.3.5-.3.7s.1.5.3.7z\"\/><\/svg><\/span><\/span><\/span><\/a><\/span><\/div>\n<nav><ul class='ez-toc-list ez-toc-list-level-1 ' ><li class='ez-toc-page-1 ez-toc-heading-level-2'><a class=\"ez-toc-link ez-toc-heading-1\" href=\"https:\/\/www.recoleta.edu.pe\/blog\/domingo-de-ramos\/#%C2%BFQue_se_celebra_el_Domingo_de_Ramos\" >\u00bfQu\u00e9 se celebra el Domingo de Ramos?&nbsp;<\/a><\/li><li class='ez-toc-page-1 ez-toc-heading-level-2'><a class=\"ez-toc-link ez-toc-heading-2\" href=\"https:\/\/www.recoleta.edu.pe\/blog\/domingo-de-ramos\/#El_simbolismo_de_los_ramos\" >El simbolismo de los ramos&nbsp;<\/a><\/li><li class='ez-toc-page-1 ez-toc-heading-level-2'><a class=\"ez-toc-link ez-toc-heading-3\" href=\"https:\/\/www.recoleta.edu.pe\/blog\/domingo-de-ramos\/#Como_explicar_el_Domingo_de_Ramos_a_los_ninos\" >C\u00f3mo explicar el Domingo de Ramos a los ni\u00f1os&nbsp;<\/a><\/li><li class='ez-toc-page-1 ez-toc-heading-level-2'><a class=\"ez-toc-link ez-toc-heading-4\" href=\"https:\/\/www.recoleta.edu.pe\/blog\/domingo-de-ramos\/#%C2%BFComo_vivir_el_Domingo_de_Ramos_en_familia\" >\u00bfC\u00f3mo vivir el Domingo de Ramos en familia?&nbsp;<\/a><ul class='ez-toc-list-level-3' ><li class='ez-toc-heading-level-3'><a class=\"ez-toc-link ez-toc-heading-5\" href=\"https:\/\/www.recoleta.edu.pe\/blog\/domingo-de-ramos\/#Participar_en_la_Eucaristia\" >Participar en la Eucarist\u00eda&nbsp;<\/a><\/li><li class='ez-toc-page-1 ez-toc-heading-level-3'><a class=\"ez-toc-link ez-toc-heading-6\" href=\"https:\/\/www.recoleta.edu.pe\/blog\/domingo-de-ramos\/#Dedicar_un_momento_de_oracion_en_casa\" >Dedicar un momento de oraci\u00f3n en casa&nbsp;<\/a><\/li><li class='ez-toc-page-1 ez-toc-heading-level-3'><a class=\"ez-toc-link ez-toc-heading-7\" href=\"https:\/\/www.recoleta.edu.pe\/blog\/domingo-de-ramos\/#Conversar_sobre_los_valores_que_representa\" >Conversar sobre los valores que representa&nbsp;<\/a><\/li><\/ul><\/li><li class='ez-toc-page-1 ez-toc-heading-level-2'><a class=\"ez-toc-link ez-toc-heading-8\" href=\"https:\/\/www.recoleta.edu.pe\/blog\/domingo-de-ramos\/#La_importancia_de_la_formacion_espiritual_en_la_educacion\" >La importancia de la formaci\u00f3n espiritual en la educaci\u00f3n&nbsp;<\/a><\/li><\/ul><\/nav><\/div>\n<h2 class=\"wp-block-heading\"><span class=\"ez-toc-section\" id=\"%C2%BFQue_se_celebra_el_Domingo_de_Ramos\"><\/span><strong>\u00bfQu\u00e9 se celebra el Domingo de Ramos?<\/strong>&nbsp;<span class=\"ez-toc-section-end\"><\/span><\/h2>\n\n\n\n<p>El&nbsp;<strong>Domingo de Ramos<\/strong>&nbsp;recuerda el momento en que Jes\u00fas entr\u00f3 en Jerusal\u00e9n y fue recibido por la gente con entusiasmo. Las personas colocaban mantos en el camino y agitaban ramas de palma o de olivo como signo de bienvenida.&nbsp;<\/p>\n\n\n\n<p>Este acontecimiento simboliza el reconocimiento de Jes\u00fas como un mensajero de paz y esperanza. Al mismo tiempo, la celebraci\u00f3n introduce los acontecimientos que se recuerdan durante la Semana Santa.&nbsp;<\/p>\n\n\n\n<p>Por esta raz\u00f3n, el Domingo de Ramos es considerado una puerta de entrada a un tiempo de reflexi\u00f3n y preparaci\u00f3n espiritual.&nbsp;<\/p>\n\n\n\n<h2 class=\"wp-block-heading\"><span class=\"ez-toc-section\" id=\"El_simbolismo_de_los_ramos\"><\/span><strong>El simbolismo de los ramos<\/strong>&nbsp;<span class=\"ez-toc-section-end\"><\/span><\/h2>\n\n\n\n<p>Los ramos que se bendicen durante esta celebraci\u00f3n tienen un significado especial:&nbsp;<\/p>\n\n\n\n<p><strong>La acogida y la alegr\u00eda<\/strong>&nbsp;<br>Los ramos recuerdan la manera en que las personas recibieron a Jes\u00fas en Jerusal\u00e9n.&nbsp;<\/p>\n\n\n\n<p><strong>La paz y la esperanza<\/strong>&nbsp;<br>Las ramas de palma u olivo representan la paz y la confianza en Dios.&nbsp;<\/p>\n\n\n\n<p><strong>La fe compartida en comunidad<\/strong>&nbsp;<br>Participar en esta celebraci\u00f3n recuerda que la fe tambi\u00e9n se vive en comunidad.&nbsp;<\/p>\n\n\n\n<p>Muchas familias conservan los ramos bendecidos en sus hogares como un signo de fe y recuerdo de esta celebraci\u00f3n.&nbsp;<\/p>\n\n\n\n<h2 class=\"wp-block-heading\"><span class=\"ez-toc-section\" id=\"Como_explicar_el_Domingo_de_Ramos_a_los_ninos\"><\/span><strong>C\u00f3mo explicar el Domingo de Ramos a los ni\u00f1os<\/strong>&nbsp;<span class=\"ez-toc-section-end\"><\/span><\/h2>\n\n\n\n<p>Hablar del&nbsp;<strong>Domingo de Ramos<\/strong>&nbsp;con los ni\u00f1os puede ser una oportunidad para compartir el significado de la fe de manera sencilla.&nbsp;<\/p>\n\n\n\n<p>Algunas ideas que pueden ayudar son:&nbsp;<\/p>\n\n\n\n<ul class=\"wp-block-list\">\n<li>Contar el relato de la entrada de Jes\u00fas en Jerusal\u00e9n con palabras simples\u00a0<\/li>\n<\/ul>\n\n\n\n<ul class=\"wp-block-list\">\n<li>Mostrar im\u00e1genes o ilustraciones de la celebraci\u00f3n\u00a0<\/li>\n<\/ul>\n\n\n\n<ul class=\"wp-block-list\">\n<li>Explicar el significado de los ramos\u00a0<\/li>\n<\/ul>\n\n\n\n<ul class=\"wp-block-list\">\n<li>Conversar sobre valores como la paz, la humildad y la esperanza\u00a0<\/li>\n<\/ul>\n\n\n\n<p>Estas conversaciones permiten que los ni\u00f1os comprendan la celebraci\u00f3n desde una perspectiva cercana a su edad.&nbsp;<\/p>\n\n\n\n<h2 class=\"wp-block-heading\"><span class=\"ez-toc-section\" id=\"%C2%BFComo_vivir_el_Domingo_de_Ramos_en_familia\"><\/span><strong>\u00bfC\u00f3mo vivir el Domingo de Ramos en familia?<\/strong>&nbsp;<span class=\"ez-toc-section-end\"><\/span><\/h2>\n\n\n\n<p>Las familias pueden vivir esta celebraci\u00f3n a trav\u00e9s de peque\u00f1os gestos que ayuden a reflexionar sobre su significado.&nbsp;<\/p>\n\n\n\n<h3 class=\"wp-block-heading\"><span class=\"ez-toc-section\" id=\"Participar_en_la_Eucaristia\"><\/span><strong>Participar en la Eucarist\u00eda<\/strong>&nbsp;<span class=\"ez-toc-section-end\"><\/span><\/h3>\n\n\n\n<p>Asistir a la misa del&nbsp;<strong>Domingo de Ramos<\/strong>&nbsp;permite compartir este momento con la comunidad y recordar juntos el inicio de la Semana Santa.&nbsp;<\/p>\n\n\n\n<h3 class=\"wp-block-heading\"><span class=\"ez-toc-section\" id=\"Dedicar_un_momento_de_oracion_en_casa\"><\/span><strong>Dedicar un momento de oraci\u00f3n en casa<\/strong>&nbsp;<span class=\"ez-toc-section-end\"><\/span><\/h3>\n\n\n\n<p>Una breve oraci\u00f3n en familia puede ser una forma de reflexionar sobre el mensaje de paz y esperanza que transmite esta celebraci\u00f3n.&nbsp;<\/p>\n\n\n\n<h3 class=\"wp-block-heading\"><span class=\"ez-toc-section\" id=\"Conversar_sobre_los_valores_que_representa\"><\/span><strong>Conversar sobre los valores que representa<\/strong>&nbsp;<span class=\"ez-toc-section-end\"><\/span><\/h3>\n\n\n\n<p>El Domingo de Ramos tambi\u00e9n invita a reflexionar sobre valores como:&nbsp;<\/p>\n\n\n\n<ul class=\"wp-block-list\">\n<li>la humildad\u00a0<\/li>\n<\/ul>\n\n\n\n<ul class=\"wp-block-list\">\n<li>el servicio\u00a0<\/li>\n<\/ul>\n\n\n\n<ul class=\"wp-block-list\">\n<li>la confianza en Dios\u00a0<\/li>\n<\/ul>\n\n\n\n<p>Hablar sobre estos temas puede ayudar a que los ni\u00f1os relacionen la celebraci\u00f3n con su vida diaria.&nbsp;<\/p>\n\n\n\n<h2 class=\"wp-block-heading\"><span class=\"ez-toc-section\" id=\"La_importancia_de_la_formacion_espiritual_en_la_educacion\"><\/span><strong>La importancia de la formaci\u00f3n espiritual en la educaci\u00f3n<\/strong>&nbsp;<span class=\"ez-toc-section-end\"><\/span><\/h2>\n\n\n\n<p>Para muchas familias, el acompa\u00f1amiento espiritual forma parte importante del desarrollo de los ni\u00f1os.&nbsp;<\/p>\n\n\n\n<p>El&nbsp;<a href=\"https:\/\/www.recoleta.edu.pe\/servicios\/\/asesoria-espiritual\" target=\"_blank\" rel=\"noreferrer noopener\"><strong>Colegio de los Sagrados Corazones Recoleta<\/strong><\/a>&nbsp;concibe su labor educativa como parte de una formaci\u00f3n integral que incluye el desarrollo humano y espiritual de los estudiantes dentro de la tradici\u00f3n cristiana.&nbsp;&nbsp;<\/p>\n\n\n\n<p>El&nbsp;<strong>Domingo de Ramos<\/strong>&nbsp;es una celebraci\u00f3n que invita a recordar la entrada de Jes\u00fas en Jerusal\u00e9n y a iniciar la Semana Santa con un esp\u00edritu de reflexi\u00f3n y esperanza.&nbsp;<\/p>\n\n\n\n<p>Para las familias, este d\u00eda tambi\u00e9n puede ser una oportunidad para acercar a los ni\u00f1os al significado de la fe mediante gestos sencillos, conversaciones y momentos de oraci\u00f3n compartida. De esta manera, la celebraci\u00f3n se convierte en un espacio para fortalecer los valores y la vida espiritual dentro del hogar.&nbsp;<\/p>\n","protected":false},"excerpt":{"rendered":"<p>El Domingo de Ramos marca el inicio de la Semana Santa y es una de las celebraciones m\u00e1s significativas para los cristianos. Este d\u00eda recuerda la entrada de Jes\u00fas en Jerusal\u00e9n, cuando fue recibido por la multitud con ramos de palma y gestos de alegr\u00eda.&nbsp; Para muchas familias, el Domingo de Ramos tambi\u00e9n es una [&hellip;]<\/p>\n","protected":false},"author":1,"featured_media":1008,"comment_status":"open","ping_status":"open","sticky":false,"template":"","format":"standard","meta":{"footnotes":""},"categories":[12],"tags":[],"class_list":["post-1006","post","type-post","status-publish","format-standard","has-post-thumbnail","hentry","category-actividades"],"_links":{"self":[{"href":"https:\/\/www.recoleta.edu.pe\/blog\/wp-json\/wp\/v2\/posts\/1006","targetHints":{"allow":["GET"]}}],"collection":[{"href":"https:\/\/www.recoleta.edu.pe\/blog\/wp-json\/wp\/v2\/posts"}],"about":[{"href":"https:\/\/www.recoleta.edu.pe\/blog\/wp-json\/wp\/v2\/types\/post"}],"author":[{"embeddable":true,"href":"https:\/\/www.recoleta.edu.pe\/blog\/wp-json\/wp\/v2\/users\/1"}],"replies":[{"embeddable":true,"href":"https:\/\/www.recoleta.edu.pe\/blog\/wp-json\/wp\/v2\/comments?post=1006"}],"version-history":[{"count":2,"href":"https:\/\/www.recoleta.edu.pe\/blog\/wp-json\/wp\/v2\/posts\/1006\/revisions"}],"predecessor-version":[{"id":1010,"href":"https:\/\/www.recoleta.edu.pe\/blog\/wp-json\/wp\/v2\/posts\/1006\/revisions\/1010"}],"wp:featuredmedia":[{"embeddable":true,"href":"https:\/\/www.recoleta.edu.pe\/blog\/wp-json\/wp\/v2\/media\/1008"}],"wp:attachment":[{"href":"https:\/\/www.recoleta.edu.pe\/blog\/wp-json\/wp\/v2\/media?parent=1006"}],"wp:term":[{"taxonomy":"category","embeddable":true,"href":"https:\/\/www.recoleta.edu.pe\/blog\/wp-json\/wp\/v2\/categories?post=1006"},{"taxonomy":"post_tag","embeddable":true,"href":"https:\/\/www.recoleta.edu.pe\/blog\/wp-json\/wp\/v2\/tags?post=1006"}],"curies":[{"name":"wp","href":"https:\/\/api.w.org\/{rel}","templated":true}]}}