{"id":123,"date":"2024-05-22T18:09:00","date_gmt":"2024-05-22T16:09:00","guid":{"rendered":"https:\/\/www.recoleta.edu.pe\/blog\/?p=123"},"modified":"2024-10-14T20:41:46","modified_gmt":"2024-10-14T18:41:46","slug":"inauguracion-de-las-nuevas-instalaciones-de-inicial","status":"publish","type":"post","link":"https:\/\/www.recoleta.edu.pe\/blog\/inauguracion-de-las-nuevas-instalaciones-de-inicial\/","title":{"rendered":"Inauguraci\u00f3n de las nuevas instalaciones de Inicial"},"content":{"rendered":"\n<p>El Colegio SS.CC. Recoleta est\u00e1 de fiesta por la emocionante inauguraci\u00f3n de nuestro nuevo Nivel Inicial. Este evento, que marca un hito en nuestra historia, fue posible gracias al apoyo y colaboraci\u00f3n de muchas personas y organizaciones.<\/p>\n\n\n\n<p>Queremos expresar nuestro m\u00e1s sincero agradecimiento a la Congregaci\u00f3n de los Sagrados Corazones, cuya dedicaci\u00f3n y compromiso han sido fundamentales para la concreci\u00f3n de este proyecto. Tambi\u00e9n agradecemos al alcalde de La Molina, a Bur\u00f3 Arquitectos, a Fujita Gumi, a los representantes de colegios amigos, a nuestros docentes y padres de familia, y a todos aquellos que nos acompa\u00f1aron en este d\u00eda tan especial.<\/p>\n\n\n\n<p>Este nuevo espacio es un gran inicio para nuestros peque\u00f1os recoletanos, quienes podr\u00e1n disfrutar de un ambiente acogedor y propicio para su desarrollo integral. Estamos muy felices y emocionados por lo que este nuevo cap\u00edtulo significa para nuestra comunidad educativa.<\/p>\n\n\n\n<p>Gracias de coraz\u00f3n a todos los que hicieron posible este sue\u00f1o.<\/p>\n\n\n\n<iframe loading=\"lazy\" style=\"border: none; overflow: hidden;\" src=\"https:\/\/www.facebook.com\/plugins\/video.php?height=314&amp;href=https%3A%2F%2Fwww.facebook.com%2FColegioSagradosCorazonesRecoleta%2Fvideos%2F372748822460645%2F&amp;show_text=false&amp;width=560&amp;t=0\" width=\"560\" height=\"314\" frameborder=\"0\" scrolling=\"no\" allow=\"autoplay; clipboard-write; encrypted-media; picture-in-picture; web-share\" allowfullscreen=\"allowfullscreen\"><\/iframe>\n","protected":false},"excerpt":{"rendered":"<p>El Colegio SS.CC. Recoleta est\u00e1 de fiesta por la emocionante inauguraci\u00f3n de nuestro nuevo Nivel Inicial. Este evento, que marca un hito en nuestra historia, fue posible gracias al apoyo y colaboraci\u00f3n de muchas personas y organizaciones. Queremos expresar nuestro m\u00e1s sincero agradecimiento a la Congregaci\u00f3n de los Sagrados Corazones, cuya dedicaci\u00f3n y compromiso han [&hellip;]<\/p>\n","protected":false},"author":1,"featured_media":135,"comment_status":"open","ping_status":"open","sticky":false,"template":"","format":"standard","meta":{"footnotes":""},"categories":[11],"tags":[],"class_list":["post-123","post","type-post","status-publish","format-standard","has-post-thumbnail","hentry","category-eventos"],"_links":{"self":[{"href":"https:\/\/www.recoleta.edu.pe\/blog\/wp-json\/wp\/v2\/posts\/123","targetHints":{"allow":["GET"]}}],"collection":[{"href":"https:\/\/www.recoleta.edu.pe\/blog\/wp-json\/wp\/v2\/posts"}],"about":[{"href":"https:\/\/www.recoleta.edu.pe\/blog\/wp-json\/wp\/v2\/types\/post"}],"author":[{"embeddable":true,"href":"https:\/\/www.recoleta.edu.pe\/blog\/wp-json\/wp\/v2\/users\/1"}],"replies":[{"embeddable":true,"href":"https:\/\/www.recoleta.edu.pe\/blog\/wp-json\/wp\/v2\/comments?post=123"}],"version-history":[{"count":2,"href":"https:\/\/www.recoleta.edu.pe\/blog\/wp-json\/wp\/v2\/posts\/123\/revisions"}],"predecessor-version":[{"id":172,"href":"https:\/\/www.recoleta.edu.pe\/blog\/wp-json\/wp\/v2\/posts\/123\/revisions\/172"}],"wp:featuredmedia":[{"embeddable":true,"href":"https:\/\/www.recoleta.edu.pe\/blog\/wp-json\/wp\/v2\/media\/135"}],"wp:attachment":[{"href":"https:\/\/www.recoleta.edu.pe\/blog\/wp-json\/wp\/v2\/media?parent=123"}],"wp:term":[{"taxonomy":"category","embeddable":true,"href":"https:\/\/www.recoleta.edu.pe\/blog\/wp-json\/wp\/v2\/categories?post=123"},{"taxonomy":"post_tag","embeddable":true,"href":"https:\/\/www.recoleta.edu.pe\/blog\/wp-json\/wp\/v2\/tags?post=123"}],"curies":[{"name":"wp","href":"https:\/\/api.w.org\/{rel}","templated":true}]}}