{"id":473,"date":"2025-02-16T18:20:33","date_gmt":"2025-02-16T17:20:33","guid":{"rendered":"https:\/\/www.recoleta.edu.pe\/blog\/?p=473"},"modified":"2025-03-04T21:03:39","modified_gmt":"2025-03-04T20:03:39","slug":"dia-internacional-de-la-mujer","status":"publish","type":"post","link":"https:\/\/www.recoleta.edu.pe\/blog\/dia-internacional-de-la-mujer\/","title":{"rendered":"D\u00eda Internacional de la Mujer 2025: Fecha, historia y frases"},"content":{"rendered":"\n<p>El <strong>D\u00eda Internacional de la Mujer<\/strong> se conmemora cada <strong>8 de marzo<\/strong> en distintos pa\u00edses del mundo, incluyendo Per\u00fa. Esta fecha busca reconocer los derechos, luchas y avances de las mujeres en la sociedad. Adem\u00e1s, es una oportunidad para reflexionar sobre la equidad de g\u00e9nero y la importancia de seguir promoviendo el empoderamiento femenino.<\/p>\n\n\n\n<p>En este art\u00edculo, exploraremos el origen de esta conmemoraci\u00f3n, su impacto actual y compartiremos frases inspiradoras para esta fecha especial.<\/p>\n\n\n\n<div id=\"ez-toc-container\" class=\"ez-toc-v2_0_82_2 counter-hierarchy ez-toc-counter ez-toc-grey ez-toc-container-direction\">\n<div class=\"ez-toc-title-container\">\n<p class=\"ez-toc-title\" style=\"cursor:inherit\">Tabla de contenidos<\/p>\n<span class=\"ez-toc-title-toggle\"><a href=\"#\" class=\"ez-toc-pull-right ez-toc-btn ez-toc-btn-xs ez-toc-btn-default ez-toc-toggle\" aria-label=\"Alternar tabla de contenidos\"><span class=\"ez-toc-js-icon-con\"><span class=\"\"><span class=\"eztoc-hide\" style=\"display:none;\">Toggle<\/span><span class=\"ez-toc-icon-toggle-span\"><svg style=\"fill: #999;color:#999\" xmlns=\"http:\/\/www.w3.org\/2000\/svg\" class=\"list-377408\" width=\"20px\" height=\"20px\" viewBox=\"0 0 24 24\" fill=\"none\"><path d=\"M6 6H4v2h2V6zm14 0H8v2h12V6zM4 11h2v2H4v-2zm16 0H8v2h12v-2zM4 16h2v2H4v-2zm16 0H8v2h12v-2z\" fill=\"currentColor\"><\/path><\/svg><svg style=\"fill: #999;color:#999\" class=\"arrow-unsorted-368013\" xmlns=\"http:\/\/www.w3.org\/2000\/svg\" width=\"10px\" height=\"10px\" viewBox=\"0 0 24 24\" version=\"1.2\" baseProfile=\"tiny\"><path d=\"M18.2 9.3l-6.2-6.3-6.2 6.3c-.2.2-.3.4-.3.7s.1.5.3.7c.2.2.4.3.7.3h11c.3 0 .5-.1.7-.3.2-.2.3-.5.3-.7s-.1-.5-.3-.7zM5.8 14.7l6.2 6.3 6.2-6.3c.2-.2.3-.5.3-.7s-.1-.5-.3-.7c-.2-.2-.4-.3-.7-.3h-11c-.3 0-.5.1-.7.3-.2.2-.3.5-.3.7s.1.5.3.7z\"\/><\/svg><\/span><\/span><\/span><\/a><\/span><\/div>\n<nav><ul class='ez-toc-list ez-toc-list-level-1 ' ><li class='ez-toc-page-1 ez-toc-heading-level-2'><a class=\"ez-toc-link ez-toc-heading-1\" href=\"https:\/\/www.recoleta.edu.pe\/blog\/dia-internacional-de-la-mujer\/#%C2%BFCuando_es_el_Dia_Internacional_de_la_Mujer_este_2025\" >\u00bfCu\u00e1ndo es el D\u00eda Internacional de la Mujer este 2025?<\/a><\/li><li class='ez-toc-page-1 ez-toc-heading-level-2'><a class=\"ez-toc-link ez-toc-heading-2\" href=\"https:\/\/www.recoleta.edu.pe\/blog\/dia-internacional-de-la-mujer\/#Origen_y_significado_del_Dia_Internacional_de_la_Mujer\" >Origen y significado del D\u00eda Internacional de la Mujer<\/a><\/li><li class='ez-toc-page-1 ez-toc-heading-level-2'><a class=\"ez-toc-link ez-toc-heading-3\" href=\"https:\/\/www.recoleta.edu.pe\/blog\/dia-internacional-de-la-mujer\/#Como_se_conmemora_el_Dia_Internacional_de_la_Mujer_en_Peru\" >C\u00f3mo se conmemora el D\u00eda Internacional de la Mujer en Per\u00fa<\/a><\/li><li class='ez-toc-page-1 ez-toc-heading-level-2'><a class=\"ez-toc-link ez-toc-heading-4\" href=\"https:\/\/www.recoleta.edu.pe\/blog\/dia-internacional-de-la-mujer\/#Frases_inspiradoras_para_el_Dia_Internacional_de_la_Mujer\" >Frases inspiradoras para el D\u00eda Internacional de la Mujer<\/a><\/li><li class='ez-toc-page-1 ez-toc-heading-level-2'><a class=\"ez-toc-link ez-toc-heading-5\" href=\"https:\/\/www.recoleta.edu.pe\/blog\/dia-internacional-de-la-mujer\/#Importancia_de_promover_el_respeto_hacia_la_mujer\" >Importancia de promover el respeto hacia la mujer<\/a><\/li><li class='ez-toc-page-1 ez-toc-heading-level-2'><a class=\"ez-toc-link ez-toc-heading-6\" href=\"https:\/\/www.recoleta.edu.pe\/blog\/dia-internacional-de-la-mujer\/#Conoce_mas_sobre_la_propuesta_educativa_del_Colegio_SS_CC_Recoleta\" >Conoce m\u00e1s sobre la propuesta educativa del Colegio SS. CC. Recoleta<\/a><\/li><\/ul><\/nav><\/div>\n<h2 class=\"wp-block-heading\"><span class=\"ez-toc-section\" id=\"%C2%BFCuando_es_el_Dia_Internacional_de_la_Mujer_este_2025\"><\/span><strong>\u00bfCu\u00e1ndo es el D\u00eda Internacional de la Mujer este 2025?<\/strong><span class=\"ez-toc-section-end\"><\/span><\/h2>\n\n\n\n<p>El <strong>D\u00eda Internacional de la Mujer 2025<\/strong> se celebrar\u00e1 el <strong>s\u00e1bado 8 de marzo<\/strong>. Como cada a\u00f1o, esta jornada busca reconocer los avances en igualdad de g\u00e9nero y destacar el papel de las mujeres en diversos \u00e1mbitos de la sociedad.<\/p>\n\n\n\n<p>En Per\u00fa, instituciones educativas, organizaciones y entidades p\u00fablicas organizan actividades conmemorativas, como conferencias, foros y eventos culturales, con el objetivo de sensibilizar sobre la equidad y el respeto hacia las mujeres.<\/p>\n\n\n\n<figure class=\"wp-block-image size-large\"><img loading=\"lazy\" decoding=\"async\" width=\"1024\" height=\"582\" src=\"https:\/\/www.recoleta.edu.pe\/blog\/\/wp-content\/uploads\/2025\/03\/interna-dia-internacional-de-la-mujer-1024x582.jpg\" alt=\"dia de la mujer\" class=\"wp-image-474\" srcset=\"https:\/\/www.recoleta.edu.pe\/blog\/wp-content\/uploads\/2025\/03\/interna-dia-internacional-de-la-mujer-1024x582.jpg 1024w, https:\/\/www.recoleta.edu.pe\/blog\/wp-content\/uploads\/2025\/03\/interna-dia-internacional-de-la-mujer-300x170.jpg 300w, https:\/\/www.recoleta.edu.pe\/blog\/wp-content\/uploads\/2025\/03\/interna-dia-internacional-de-la-mujer-768x436.jpg 768w, https:\/\/www.recoleta.edu.pe\/blog\/wp-content\/uploads\/2025\/03\/interna-dia-internacional-de-la-mujer.jpg 1320w\" sizes=\"auto, (max-width: 1024px) 100vw, 1024px\" \/><\/figure>\n\n\n\n<h2 class=\"wp-block-heading\"><span class=\"ez-toc-section\" id=\"Origen_y_significado_del_Dia_Internacional_de_la_Mujer\"><\/span><strong>Origen y significado del D\u00eda Internacional de la Mujer<\/strong><span class=\"ez-toc-section-end\"><\/span><\/h2>\n\n\n\n<p>El <strong>D\u00eda Internacional de la Mujer<\/strong> tiene sus ra\u00edces en el movimiento obrero de finales del siglo XIX y principios del XX. Aunque la <strong>Organizaci\u00f3n de las Naciones Unidas (ONU)<\/strong> lo estableci\u00f3 oficialmente en <strong>1977<\/strong>, su historia se remonta a las movilizaciones de mujeres que exig\u00edan mejores condiciones laborales y derechos pol\u00edticos.<\/p>\n\n\n\n<p>En <strong>1908<\/strong>, un grupo de trabajadoras textiles en Nueva York organiz\u00f3 una huelga para reclamar jornadas laborales justas y el derecho al voto. Un a\u00f1o despu\u00e9s, en <strong>1909<\/strong>, se celebr\u00f3 el primer \u00abD\u00eda Nacional de la Mujer\u00bb en Estados Unidos. Con el tiempo, esta conmemoraci\u00f3n se extendi\u00f3 a otros pa\u00edses, y en <strong>1975<\/strong> la ONU declar\u00f3 el 8 de marzo como una fecha de relevancia internacional.<\/p>\n\n\n\n<h2 class=\"wp-block-heading\"><span class=\"ez-toc-section\" id=\"Como_se_conmemora_el_Dia_Internacional_de_la_Mujer_en_Peru\"><\/span><strong>C\u00f3mo se conmemora el D\u00eda Internacional de la Mujer en Per\u00fa<\/strong><span class=\"ez-toc-section-end\"><\/span><\/h2>\n\n\n\n<p>En Per\u00fa, esta fecha es un momento de <strong>reflexi\u00f3n y reconocimiento<\/strong>. Diversas instituciones, colegios y organizaciones realizan actividades para destacar la importancia del rol de la mujer en la sociedad. Entre las iniciativas m\u00e1s comunes est\u00e1n:<\/p>\n\n\n\n<ul class=\"wp-block-list\">\n<li><strong>Eventos educativos<\/strong> en colegios para sensibilizar a los estudiantes sobre el respeto y la equidad.<\/li>\n\n\n\n<li><strong>Reconocimientos<\/strong> a mujeres destacadas en educaci\u00f3n, ciencia, arte y deporte.<\/li>\n\n\n\n<li><strong>Marchas y campa\u00f1as de concienciaci\u00f3n<\/strong> en diversas ciudades del pa\u00eds.<\/li>\n<\/ul>\n\n\n\n<p>Adem\u00e1s, muchas familias y comunidades utilizan esta fecha para agradecer y reconocer la labor de las mujeres en distintos espacios.<\/p>\n\n\n\n<h2 class=\"wp-block-heading\"><span class=\"ez-toc-section\" id=\"Frases_inspiradoras_para_el_Dia_Internacional_de_la_Mujer\"><\/span><strong>Frases inspiradoras para el D\u00eda Internacional de la Mujer<\/strong><span class=\"ez-toc-section-end\"><\/span><\/h2>\n\n\n\n<p>El <strong>8 de marzo<\/strong> es un d\u00eda para compartir mensajes que resalten la importancia de la equidad y el empoderamiento femenino. Aqu\u00ed algunas frases inspiradoras:<\/p>\n\n\n\n<ul class=\"wp-block-list\">\n<li><em>\u00abNo nacemos como mujer, sino que nos convertimos en una.\u00bb<\/em> \u2013 Simone de Beauvoir<\/li>\n\n\n\n<li><em>\u00abCada vez que una mujer se defiende a s\u00ed misma, sin saberlo, defiende a todas las mujeres.\u00bb<\/em> \u2013 Maya Angelou<\/li>\n\n\n\n<li><em>\u00abDonde hay una mujer, hay fuerza.\u00bb<\/em> \u2013 Indira Gandhi<\/li>\n<\/ul>\n\n\n\n<p>Estas frases pueden compartirse en redes sociales o utilizarse en actividades conmemorativas dentro de colegios y organizaciones.<\/p>\n\n\n\n<h2 class=\"wp-block-heading\"><span class=\"ez-toc-section\" id=\"Importancia_de_promover_el_respeto_hacia_la_mujer\"><\/span><strong>Importancia de promover el respeto hacia la mujer<\/strong><span class=\"ez-toc-section-end\"><\/span><\/h2>\n\n\n\n<p>En el \u00e1mbito educativo, se pueden implementar estrategias como:<\/p>\n\n\n\n<ul class=\"wp-block-list\">\n<li>Incluir en el curr\u00edculo escolar temas sobre derechos de la mujer e igualdad de oportunidades.<\/li>\n\n\n\n<li>Promover la participaci\u00f3n de las ni\u00f1as en ciencia, tecnolog\u00eda, ingenier\u00eda y matem\u00e1ticas (STEM).<\/li>\n\n\n\n<li>Fomentar una cultura de respeto a trav\u00e9s de actividades y proyectos escolares.<\/li>\n\n\n\n<li>Incentivar la representaci\u00f3n equitativa en liderazgo estudiantil y deportivo.<\/li>\n<\/ul>\n\n\n\n<p>Desde los colegios se puede generar un impacto positivo que trascienda a la sociedad, para as\u00ed formar generaciones con una visi\u00f3n m\u00e1s justa y equitativa.<\/p>\n\n\n\n<h2 class=\"wp-block-heading\"><span class=\"ez-toc-section\" id=\"Conoce_mas_sobre_la_propuesta_educativa_del_Colegio_SS_CC_Recoleta\"><\/span><strong>Conoce m\u00e1s sobre la propuesta educativa del Colegio SS. CC. Recoleta<\/strong><span class=\"ez-toc-section-end\"><\/span><\/h2>\n\n\n\n<p>En el <strong>Colegio de los Sagrados Corazones Recoleta <\/strong>&nbsp;promovemos valores de respeto, equidad y liderazgo en nuestros estudiantes. Si deseas conocer m\u00e1s sobre nuestras iniciativas educativas y nuestro compromiso con la formaci\u00f3n integral, te invitamos a <a href=\"https:\/\/www.recoleta.edu.pe\/quienes-somos\/\">leer m\u00e1s detalles en este link<\/a><strong>.<\/strong><\/p>\n","protected":false},"excerpt":{"rendered":"<p>El D\u00eda Internacional de la Mujer se conmemora cada 8 de marzo en distintos pa\u00edses del mundo, incluyendo Per\u00fa. Esta fecha busca reconocer los derechos, luchas y avances de las mujeres en la sociedad. Adem\u00e1s, es una oportunidad para reflexionar sobre la equidad de g\u00e9nero y la importancia de seguir promoviendo el empoderamiento femenino. En [&hellip;]<\/p>\n","protected":false},"author":1,"featured_media":475,"comment_status":"open","ping_status":"open","sticky":false,"template":"","format":"standard","meta":{"footnotes":""},"categories":[13],"tags":[],"class_list":["post-473","post","type-post","status-publish","format-standard","has-post-thumbnail","hentry","category-efemerides"],"_links":{"self":[{"href":"https:\/\/www.recoleta.edu.pe\/blog\/wp-json\/wp\/v2\/posts\/473","targetHints":{"allow":["GET"]}}],"collection":[{"href":"https:\/\/www.recoleta.edu.pe\/blog\/wp-json\/wp\/v2\/posts"}],"about":[{"href":"https:\/\/www.recoleta.edu.pe\/blog\/wp-json\/wp\/v2\/types\/post"}],"author":[{"embeddable":true,"href":"https:\/\/www.recoleta.edu.pe\/blog\/wp-json\/wp\/v2\/users\/1"}],"replies":[{"embeddable":true,"href":"https:\/\/www.recoleta.edu.pe\/blog\/wp-json\/wp\/v2\/comments?post=473"}],"version-history":[{"count":1,"href":"https:\/\/www.recoleta.edu.pe\/blog\/wp-json\/wp\/v2\/posts\/473\/revisions"}],"predecessor-version":[{"id":476,"href":"https:\/\/www.recoleta.edu.pe\/blog\/wp-json\/wp\/v2\/posts\/473\/revisions\/476"}],"wp:featuredmedia":[{"embeddable":true,"href":"https:\/\/www.recoleta.edu.pe\/blog\/wp-json\/wp\/v2\/media\/475"}],"wp:attachment":[{"href":"https:\/\/www.recoleta.edu.pe\/blog\/wp-json\/wp\/v2\/media?parent=473"}],"wp:term":[{"taxonomy":"category","embeddable":true,"href":"https:\/\/www.recoleta.edu.pe\/blog\/wp-json\/wp\/v2\/categories?post=473"},{"taxonomy":"post_tag","embeddable":true,"href":"https:\/\/www.recoleta.edu.pe\/blog\/wp-json\/wp\/v2\/tags?post=473"}],"curies":[{"name":"wp","href":"https:\/\/api.w.org\/{rel}","templated":true}]}}