{"id":534,"date":"2025-04-17T18:25:58","date_gmt":"2025-04-17T16:25:58","guid":{"rendered":"https:\/\/www.recoleta.edu.pe\/blog\/?p=534"},"modified":"2025-04-18T15:47:05","modified_gmt":"2025-04-18T13:47:05","slug":"preparacion-para-el-sacramento-de-la-confirmacion","status":"publish","type":"post","link":"https:\/\/www.recoleta.edu.pe\/blog\/preparacion-para-el-sacramento-de-la-confirmacion\/","title":{"rendered":"Preparaci\u00f3n para el Sacramento de la Confirmaci\u00f3n"},"content":{"rendered":"\n<p>El pasado <strong>4 de abril<\/strong>, los estudiantes de <strong>IV\u00b0 de Secundaria del Colegio SS.CC. Recoleta<\/strong> iniciaron con alegr\u00eda y compromiso su <strong>proceso de preparaci\u00f3n para recibir el sacramento de la Confirmaci\u00f3n<\/strong>. Esta etapa representa un paso fundamental en su <strong>formaci\u00f3n espiritual y vida cristiana<\/strong>, fortaleciendo su v\u00ednculo con Dios y con la comunidad.<\/p>\n\n\n\n<figure class=\"wp-block-gallery has-nested-images columns-default is-cropped wp-block-gallery-1 is-layout-flex wp-block-gallery-is-layout-flex\">\n<figure class=\"wp-block-image size-large\"><img loading=\"lazy\" decoding=\"async\" width=\"1024\" height=\"683\" data-id=\"540\" src=\"https:\/\/www.recoleta.edu.pe\/blog\/\/wp-content\/uploads\/2025\/04\/IMG_2640-1024x683.jpg\" alt=\"\" class=\"wp-image-540\" srcset=\"https:\/\/www.recoleta.edu.pe\/blog\/wp-content\/uploads\/2025\/04\/IMG_2640-1024x683.jpg 1024w, https:\/\/www.recoleta.edu.pe\/blog\/wp-content\/uploads\/2025\/04\/IMG_2640-300x200.jpg 300w, https:\/\/www.recoleta.edu.pe\/blog\/wp-content\/uploads\/2025\/04\/IMG_2640-768x512.jpg 768w, https:\/\/www.recoleta.edu.pe\/blog\/wp-content\/uploads\/2025\/04\/IMG_2640-1536x1024.jpg 1536w, https:\/\/www.recoleta.edu.pe\/blog\/wp-content\/uploads\/2025\/04\/IMG_2640-2048x1365.jpg 2048w\" sizes=\"auto, (max-width: 1024px) 100vw, 1024px\" \/><\/figure>\n<\/figure>\n\n\n\n<div id=\"ez-toc-container\" class=\"ez-toc-v2_0_82_2 counter-hierarchy ez-toc-counter ez-toc-grey ez-toc-container-direction\">\n<div class=\"ez-toc-title-container\">\n<p class=\"ez-toc-title\" style=\"cursor:inherit\">Tabla de contenidos<\/p>\n<span class=\"ez-toc-title-toggle\"><a href=\"#\" class=\"ez-toc-pull-right ez-toc-btn ez-toc-btn-xs ez-toc-btn-default ez-toc-toggle\" aria-label=\"Alternar tabla de contenidos\"><span class=\"ez-toc-js-icon-con\"><span class=\"\"><span class=\"eztoc-hide\" style=\"display:none;\">Toggle<\/span><span class=\"ez-toc-icon-toggle-span\"><svg style=\"fill: #999;color:#999\" xmlns=\"http:\/\/www.w3.org\/2000\/svg\" class=\"list-377408\" width=\"20px\" height=\"20px\" viewBox=\"0 0 24 24\" fill=\"none\"><path d=\"M6 6H4v2h2V6zm14 0H8v2h12V6zM4 11h2v2H4v-2zm16 0H8v2h12v-2zM4 16h2v2H4v-2zm16 0H8v2h12v-2z\" fill=\"currentColor\"><\/path><\/svg><svg style=\"fill: #999;color:#999\" class=\"arrow-unsorted-368013\" xmlns=\"http:\/\/www.w3.org\/2000\/svg\" width=\"10px\" height=\"10px\" viewBox=\"0 0 24 24\" version=\"1.2\" baseProfile=\"tiny\"><path d=\"M18.2 9.3l-6.2-6.3-6.2 6.3c-.2.2-.3.4-.3.7s.1.5.3.7c.2.2.4.3.7.3h11c.3 0 .5-.1.7-.3.2-.2.3-.5.3-.7s-.1-.5-.3-.7zM5.8 14.7l6.2 6.3 6.2-6.3c.2-.2.3-.5.3-.7s-.1-.5-.3-.7c-.2-.2-.4-.3-.7-.3h-11c-.3 0-.5.1-.7.3-.2.2-.3.5-.3.7s.1.5.3.7z\"\/><\/svg><\/span><\/span><\/span><\/a><\/span><\/div>\n<nav><ul class='ez-toc-list ez-toc-list-level-1 ' ><li class='ez-toc-page-1 ez-toc-heading-level-2'><a class=\"ez-toc-link ez-toc-heading-1\" href=\"https:\/\/www.recoleta.edu.pe\/blog\/preparacion-para-el-sacramento-de-la-confirmacion\/#Confirmacion_Un_compromiso_de_fe\" >Confirmaci\u00f3n: Un compromiso de fe<\/a><\/li><li class='ez-toc-page-1 ez-toc-heading-level-2'><a class=\"ez-toc-link ez-toc-heading-2\" href=\"https:\/\/www.recoleta.edu.pe\/blog\/preparacion-para-el-sacramento-de-la-confirmacion\/#Una_experiencia_de_encuentro_y_reflexion\" >Una experiencia de encuentro y reflexi\u00f3n<\/a><\/li><li class='ez-toc-page-1 ez-toc-heading-level-2'><a class=\"ez-toc-link ez-toc-heading-3\" href=\"https:\/\/www.recoleta.edu.pe\/blog\/preparacion-para-el-sacramento-de-la-confirmacion\/#Invitacion_a_la_comunidad_educativa\" >Invitaci\u00f3n a la comunidad educativa<\/a><\/li><\/ul><\/nav><\/div>\n<h2 class=\"wp-block-heading\"><span class=\"ez-toc-section\" id=\"Confirmacion_Un_compromiso_de_fe\"><\/span>Confirmaci\u00f3n: Un compromiso de fe<span class=\"ez-toc-section-end\"><\/span><\/h2>\n\n\n\n<p>La <strong>Confirmaci\u00f3n<\/strong> es uno de los sacramentos m\u00e1s importantes dentro de la <strong>educaci\u00f3n cat\u00f3lica<\/strong>, ya que marca el momento en que los j\u00f3venes <strong>renuevan su compromiso con Jes\u00fas<\/strong> y se abren con mayor profundidad a la acci\u00f3n del Esp\u00edritu Santo. Es una invitaci\u00f3n a asumir activamente la fe, integr\u00e1ndose con mayor conciencia a la vida de la Iglesia y participando como miembros comprometidos en la comunidad cristiana.<\/p>\n\n\n\n<figure class=\"wp-block-image size-large\"><img loading=\"lazy\" decoding=\"async\" width=\"1024\" height=\"683\" src=\"https:\/\/www.recoleta.edu.pe\/blog\/\/wp-content\/uploads\/2025\/04\/IMG_2664-1024x683.jpg\" alt=\"\" class=\"wp-image-538\" srcset=\"https:\/\/www.recoleta.edu.pe\/blog\/wp-content\/uploads\/2025\/04\/IMG_2664-1024x683.jpg 1024w, https:\/\/www.recoleta.edu.pe\/blog\/wp-content\/uploads\/2025\/04\/IMG_2664-300x200.jpg 300w, https:\/\/www.recoleta.edu.pe\/blog\/wp-content\/uploads\/2025\/04\/IMG_2664-768x512.jpg 768w, https:\/\/www.recoleta.edu.pe\/blog\/wp-content\/uploads\/2025\/04\/IMG_2664-1536x1024.jpg 1536w, https:\/\/www.recoleta.edu.pe\/blog\/wp-content\/uploads\/2025\/04\/IMG_2664-2048x1365.jpg 2048w\" sizes=\"auto, (max-width: 1024px) 100vw, 1024px\" \/><\/figure>\n\n\n\n<h2 class=\"wp-block-heading\"><span class=\"ez-toc-section\" id=\"Una_experiencia_de_encuentro_y_reflexion\"><\/span>Una experiencia de encuentro y reflexi\u00f3n<span class=\"ez-toc-section-end\"><\/span><\/h2>\n\n\n\n<p>Acompa\u00f1ados por sus catequistas y guiados por el <strong>Prof. Aramis Cama, Coordinador de Confirmaci\u00f3n<\/strong>, nuestros estudiantes han iniciado un camino de fe que incluye espacios de <strong>reflexi\u00f3n personal, di\u00e1logo, din\u00e1micas grupales y oraci\u00f3n comunitaria<\/strong>. En estas primeras sesiones, se han abordado temas clave sobre el significado del sacramento y su impacto en la vida diaria de los j\u00f3venes.<\/p>\n\n\n\n<figure class=\"wp-block-image size-large\"><img loading=\"lazy\" decoding=\"async\" width=\"1024\" height=\"683\" src=\"https:\/\/www.recoleta.edu.pe\/blog\/\/wp-content\/uploads\/2025\/04\/IMG_2658-1024x683.jpg\" alt=\"\" class=\"wp-image-539\" srcset=\"https:\/\/www.recoleta.edu.pe\/blog\/wp-content\/uploads\/2025\/04\/IMG_2658-1024x683.jpg 1024w, https:\/\/www.recoleta.edu.pe\/blog\/wp-content\/uploads\/2025\/04\/IMG_2658-300x200.jpg 300w, https:\/\/www.recoleta.edu.pe\/blog\/wp-content\/uploads\/2025\/04\/IMG_2658-768x512.jpg 768w, https:\/\/www.recoleta.edu.pe\/blog\/wp-content\/uploads\/2025\/04\/IMG_2658-1536x1024.jpg 1536w, https:\/\/www.recoleta.edu.pe\/blog\/wp-content\/uploads\/2025\/04\/IMG_2658-2048x1365.jpg 2048w\" sizes=\"auto, (max-width: 1024px) 100vw, 1024px\" \/><\/figure>\n\n\n\n<h2 class=\"wp-block-heading\"><span class=\"ez-toc-section\" id=\"Invitacion_a_la_comunidad_educativa\"><\/span>Invitaci\u00f3n a la comunidad educativa<span class=\"ez-toc-section-end\"><\/span><\/h2>\n\n\n\n<p>Invitamos a toda nuestra <strong>comunidad educativa SS.CC. Recoleta<\/strong> a unirse en oraci\u00f3n por nuestros estudiantes durante este valioso proceso de <strong>crecimiento espiritual y preparaci\u00f3n sacramental<\/strong>. Que el Esp\u00edritu Santo los ilumine y fortalezca en cada paso de este camino de fe.<\/p>\n","protected":false},"excerpt":{"rendered":"<p>El pasado 4 de abril, los estudiantes de IV\u00b0 de Secundaria del Colegio SS.CC. Recoleta iniciaron con alegr\u00eda y compromiso su proceso de preparaci\u00f3n para recibir el sacramento de la Confirmaci\u00f3n. Esta etapa representa un paso fundamental en su formaci\u00f3n espiritual y vida cristiana, fortaleciendo su v\u00ednculo con Dios y con la comunidad. Confirmaci\u00f3n: Un [&hellip;]<\/p>\n","protected":false},"author":2,"featured_media":535,"comment_status":"open","ping_status":"open","sticky":false,"template":"","format":"standard","meta":{"footnotes":""},"categories":[17],"tags":[19,22,21,23,20],"class_list":["post-534","post","type-post","status-publish","format-standard","has-post-thumbnail","hentry","category-pastoral","tag-confirmacion-en-colegio-catolico","tag-educacion-en-la-fe-lima-peru","tag-formacion-espiritual-estudiantes-secundaria","tag-preparacion-para-la-confirmacion-2025","tag-sacramentos-escolares-ss-cc-recoleta"],"_links":{"self":[{"href":"https:\/\/www.recoleta.edu.pe\/blog\/wp-json\/wp\/v2\/posts\/534","targetHints":{"allow":["GET"]}}],"collection":[{"href":"https:\/\/www.recoleta.edu.pe\/blog\/wp-json\/wp\/v2\/posts"}],"about":[{"href":"https:\/\/www.recoleta.edu.pe\/blog\/wp-json\/wp\/v2\/types\/post"}],"author":[{"embeddable":true,"href":"https:\/\/www.recoleta.edu.pe\/blog\/wp-json\/wp\/v2\/users\/2"}],"replies":[{"embeddable":true,"href":"https:\/\/www.recoleta.edu.pe\/blog\/wp-json\/wp\/v2\/comments?post=534"}],"version-history":[{"count":3,"href":"https:\/\/www.recoleta.edu.pe\/blog\/wp-json\/wp\/v2\/posts\/534\/revisions"}],"predecessor-version":[{"id":572,"href":"https:\/\/www.recoleta.edu.pe\/blog\/wp-json\/wp\/v2\/posts\/534\/revisions\/572"}],"wp:featuredmedia":[{"embeddable":true,"href":"https:\/\/www.recoleta.edu.pe\/blog\/wp-json\/wp\/v2\/media\/535"}],"wp:attachment":[{"href":"https:\/\/www.recoleta.edu.pe\/blog\/wp-json\/wp\/v2\/media?parent=534"}],"wp:term":[{"taxonomy":"category","embeddable":true,"href":"https:\/\/www.recoleta.edu.pe\/blog\/wp-json\/wp\/v2\/categories?post=534"},{"taxonomy":"post_tag","embeddable":true,"href":"https:\/\/www.recoleta.edu.pe\/blog\/wp-json\/wp\/v2\/tags?post=534"}],"curies":[{"name":"wp","href":"https:\/\/api.w.org\/{rel}","templated":true}]}}