{"id":559,"date":"2025-04-17T20:24:27","date_gmt":"2025-04-17T18:24:27","guid":{"rendered":"https:\/\/www.recoleta.edu.pe\/blog\/?p=559"},"modified":"2025-04-18T15:49:45","modified_gmt":"2025-04-18T13:49:45","slug":"el-colegio-ss-cc-recoleta-avanza-con-exito-en-adecore","status":"publish","type":"post","link":"https:\/\/www.recoleta.edu.pe\/blog\/el-colegio-ss-cc-recoleta-avanza-con-exito-en-adecore\/","title":{"rendered":"El Colegio SS.CC. Recoleta avanza con \u00e9xito en ADECORE"},"content":{"rendered":"\n<div id=\"ez-toc-container\" class=\"ez-toc-v2_0_82_2 counter-hierarchy ez-toc-counter ez-toc-grey ez-toc-container-direction\">\n<div class=\"ez-toc-title-container\">\n<p class=\"ez-toc-title\" style=\"cursor:inherit\">Tabla de contenidos<\/p>\n<span class=\"ez-toc-title-toggle\"><a href=\"#\" class=\"ez-toc-pull-right ez-toc-btn ez-toc-btn-xs ez-toc-btn-default ez-toc-toggle\" aria-label=\"Alternar tabla de contenidos\"><span class=\"ez-toc-js-icon-con\"><span class=\"\"><span class=\"eztoc-hide\" style=\"display:none;\">Toggle<\/span><span class=\"ez-toc-icon-toggle-span\"><svg style=\"fill: #999;color:#999\" xmlns=\"http:\/\/www.w3.org\/2000\/svg\" class=\"list-377408\" width=\"20px\" height=\"20px\" viewBox=\"0 0 24 24\" fill=\"none\"><path d=\"M6 6H4v2h2V6zm14 0H8v2h12V6zM4 11h2v2H4v-2zm16 0H8v2h12v-2zM4 16h2v2H4v-2zm16 0H8v2h12v-2z\" fill=\"currentColor\"><\/path><\/svg><svg style=\"fill: #999;color:#999\" class=\"arrow-unsorted-368013\" xmlns=\"http:\/\/www.w3.org\/2000\/svg\" width=\"10px\" height=\"10px\" viewBox=\"0 0 24 24\" version=\"1.2\" baseProfile=\"tiny\"><path d=\"M18.2 9.3l-6.2-6.3-6.2 6.3c-.2.2-.3.4-.3.7s.1.5.3.7c.2.2.4.3.7.3h11c.3 0 .5-.1.7-.3.2-.2.3-.5.3-.7s-.1-.5-.3-.7zM5.8 14.7l6.2 6.3 6.2-6.3c.2-.2.3-.5.3-.7s-.1-.5-.3-.7c-.2-.2-.4-.3-.7-.3h-11c-.3 0-.5.1-.7.3-.2.2-.3.5-.3.7s.1.5.3.7z\"\/><\/svg><\/span><\/span><\/span><\/a><\/span><\/div>\n<nav><ul class='ez-toc-list ez-toc-list-level-1 ' ><li class='ez-toc-page-1 ez-toc-heading-level-2'><a class=\"ez-toc-link ez-toc-heading-1\" href=\"https:\/\/www.recoleta.edu.pe\/blog\/el-colegio-ss-cc-recoleta-avanza-con-exito-en-adecore\/#Futbol_7_Damas_Mayores_%C2%A1A_cuartos_de_final\" >F\u00fatbol 7 Damas Mayores: \u00a1A cuartos de final!<\/a><\/li><li class='ez-toc-page-1 ez-toc-heading-level-2'><a class=\"ez-toc-link ez-toc-heading-2\" href=\"https:\/\/www.recoleta.edu.pe\/blog\/el-colegio-ss-cc-recoleta-avanza-con-exito-en-adecore\/#Basquet_Varones_Menores_Solidas_victorias_y_clasificacion_a_los_cuartos_de_final\" >B\u00e1squet Varones Menores: S\u00f3lidas victorias y clasificaci\u00f3n a los cuartos de final<\/a><\/li><li class='ez-toc-page-1 ez-toc-heading-level-2'><a class=\"ez-toc-link ez-toc-heading-3\" href=\"https:\/\/www.recoleta.edu.pe\/blog\/el-colegio-ss-cc-recoleta-avanza-con-exito-en-adecore\/#El_deporte_en_SSCC_Recoleta_Mas_que_competencia_valores_en_accion\" >El deporte en SS.CC. Recoleta: M\u00e1s que competencia, valores en acci\u00f3n<\/a><\/li><\/ul><\/nav><\/div>\n<h2 class=\"wp-block-heading\"><span class=\"ez-toc-section\" id=\"Futbol_7_Damas_Mayores_%C2%A1A_cuartos_de_final\"><\/span><strong>F\u00fatbol 7 Damas Mayores: \u00a1A cuartos de final!<\/strong><span class=\"ez-toc-section-end\"><\/span><\/h2>\n\n\n\n<p>El pasado lunes 14 de abril, el equipo de <strong>F\u00fatbol 7 Damas Mayores<\/strong> del <strong>Colegio SS.CC. Recoleta<\/strong> consigui\u00f3 una importante victoria en ADECORE, derrotando al colegio Nuestra Se\u00f1ora del Buen Consejo con un marcador de 3 a 1. Este resultado asegura su clasificaci\u00f3n a los cuartos de final, donde enfrentar\u00e1n al colegio Claretiano este lunes 21 de abril (hora y lugar por confirmar). \u00a1Sigamos apoyando a nuestras representantes! <\/p>\n\n\n\n<figure class=\"wp-block-gallery has-nested-images columns-default is-cropped wp-block-gallery-1 is-layout-flex wp-block-gallery-is-layout-flex\">\n<figure class=\"wp-block-image size-large\"><img loading=\"lazy\" decoding=\"async\" width=\"1024\" height=\"683\" data-id=\"562\" src=\"https:\/\/www.recoleta.edu.pe\/blog\/\/wp-content\/uploads\/2025\/04\/IMG_2858-1024x683.jpg\" alt=\"\" class=\"wp-image-562\" srcset=\"https:\/\/www.recoleta.edu.pe\/blog\/wp-content\/uploads\/2025\/04\/IMG_2858-1024x683.jpg 1024w, https:\/\/www.recoleta.edu.pe\/blog\/wp-content\/uploads\/2025\/04\/IMG_2858-300x200.jpg 300w, https:\/\/www.recoleta.edu.pe\/blog\/wp-content\/uploads\/2025\/04\/IMG_2858-768x512.jpg 768w, https:\/\/www.recoleta.edu.pe\/blog\/wp-content\/uploads\/2025\/04\/IMG_2858-1536x1024.jpg 1536w, https:\/\/www.recoleta.edu.pe\/blog\/wp-content\/uploads\/2025\/04\/IMG_2858-2048x1365.jpg 2048w\" sizes=\"auto, (max-width: 1024px) 100vw, 1024px\" \/><\/figure>\n\n\n\n<figure class=\"wp-block-image size-large is-style-default\"><img loading=\"lazy\" decoding=\"async\" width=\"1024\" height=\"683\" data-id=\"561\" src=\"https:\/\/www.recoleta.edu.pe\/blog\/\/wp-content\/uploads\/2025\/04\/IMG_2836-1024x683.jpg\" alt=\"\" class=\"wp-image-561\" srcset=\"https:\/\/www.recoleta.edu.pe\/blog\/wp-content\/uploads\/2025\/04\/IMG_2836-1024x683.jpg 1024w, https:\/\/www.recoleta.edu.pe\/blog\/wp-content\/uploads\/2025\/04\/IMG_2836-300x200.jpg 300w, https:\/\/www.recoleta.edu.pe\/blog\/wp-content\/uploads\/2025\/04\/IMG_2836-768x512.jpg 768w, https:\/\/www.recoleta.edu.pe\/blog\/wp-content\/uploads\/2025\/04\/IMG_2836-1536x1024.jpg 1536w, https:\/\/www.recoleta.edu.pe\/blog\/wp-content\/uploads\/2025\/04\/IMG_2836-2048x1365.jpg 2048w\" sizes=\"auto, (max-width: 1024px) 100vw, 1024px\" \/><\/figure>\n<\/figure>\n\n\n\n<h2 class=\"wp-block-heading\"><span class=\"ez-toc-section\" id=\"Basquet_Varones_Menores_Solidas_victorias_y_clasificacion_a_los_cuartos_de_final\"><\/span>B\u00e1squet Varones Menores: S\u00f3lidas victorias y clasificaci\u00f3n a los cuartos de final<span class=\"ez-toc-section-end\"><\/span><\/h2>\n\n\n\n<p>Por otro lado, el equipo de <strong>B\u00e1squet Varones Menores<\/strong> tambi\u00e9n logr\u00f3 una destacada clasificaci\u00f3n a los cuartos de final tras conseguir dos victorias s\u00f3lidas: superaron al colegio Santa Mar\u00eda con un marcador de <strong>57 a 29<\/strong>, y luego al San Francisco de Borja por<strong> 67 a 36<\/strong>. Estos resultados demuestran el esfuerzo y el trabajo en equipo de nuestros estudiantes.<\/p>\n\n\n\n<figure class=\"wp-block-gallery has-nested-images columns-default is-cropped wp-block-gallery-2 is-layout-flex wp-block-gallery-is-layout-flex\">\n<figure class=\"wp-block-image size-large\"><img loading=\"lazy\" decoding=\"async\" width=\"1024\" height=\"683\" data-id=\"564\" src=\"https:\/\/www.recoleta.edu.pe\/blog\/\/wp-content\/uploads\/2025\/04\/IMG_3422-1024x683.jpg\" alt=\"\" class=\"wp-image-564\" srcset=\"https:\/\/www.recoleta.edu.pe\/blog\/wp-content\/uploads\/2025\/04\/IMG_3422-1024x683.jpg 1024w, https:\/\/www.recoleta.edu.pe\/blog\/wp-content\/uploads\/2025\/04\/IMG_3422-300x200.jpg 300w, https:\/\/www.recoleta.edu.pe\/blog\/wp-content\/uploads\/2025\/04\/IMG_3422-768x512.jpg 768w, https:\/\/www.recoleta.edu.pe\/blog\/wp-content\/uploads\/2025\/04\/IMG_3422-1536x1024.jpg 1536w, https:\/\/www.recoleta.edu.pe\/blog\/wp-content\/uploads\/2025\/04\/IMG_3422-2048x1365.jpg 2048w\" sizes=\"auto, (max-width: 1024px) 100vw, 1024px\" \/><\/figure>\n\n\n\n<figure class=\"wp-block-image size-large\"><img loading=\"lazy\" decoding=\"async\" width=\"1024\" height=\"683\" data-id=\"563\" src=\"https:\/\/www.recoleta.edu.pe\/blog\/\/wp-content\/uploads\/2025\/04\/IMG_3311-1024x683.jpg\" alt=\"\" class=\"wp-image-563\" srcset=\"https:\/\/www.recoleta.edu.pe\/blog\/wp-content\/uploads\/2025\/04\/IMG_3311-1024x683.jpg 1024w, https:\/\/www.recoleta.edu.pe\/blog\/wp-content\/uploads\/2025\/04\/IMG_3311-300x200.jpg 300w, https:\/\/www.recoleta.edu.pe\/blog\/wp-content\/uploads\/2025\/04\/IMG_3311-768x512.jpg 768w, https:\/\/www.recoleta.edu.pe\/blog\/wp-content\/uploads\/2025\/04\/IMG_3311-1536x1024.jpg 1536w, https:\/\/www.recoleta.edu.pe\/blog\/wp-content\/uploads\/2025\/04\/IMG_3311-2048x1365.jpg 2048w\" sizes=\"auto, (max-width: 1024px) 100vw, 1024px\" \/><\/figure>\n<\/figure>\n\n\n\n<p>El pr\u00f3ximo reto para nuestros basquetbolistas ser\u00e1 el viernes 25 de abril, en un partido de cuartos de final, con rival y escenario a\u00fan por confirmar. Tras la \u00faltima victoria, celebramos de manera especial el cumplea\u00f1os del profesor <strong>Jorge Ygor Arias<\/strong>, quien es el entrenador del equipo y ha sido fundamental en el desarrollo de esta selecci\u00f3n.<\/p>\n\n\n\n<h2 class=\"wp-block-heading\"><span class=\"ez-toc-section\" id=\"El_deporte_en_SSCC_Recoleta_Mas_que_competencia_valores_en_accion\"><\/span>El deporte en SS.CC. Recoleta: M\u00e1s que competencia, valores en acci\u00f3n<span class=\"ez-toc-section-end\"><\/span><\/h2>\n\n\n\n<p>En el <strong>Colegio de los Sagrados Corazones Recoleta<\/strong>, nos comprometemos a fomentar la pr\u00e1ctica del deporte como un medio para fortalecer valores como la perseverancia, el trabajo en equipo y la disciplina. Nos enorgullece ver c\u00f3mo nuestros estudiantes representan al colegio con esfuerzo y dedicaci\u00f3n en cada una de sus competiciones.<\/p>\n\n\n\n<p>\u00a1Vamos todos a seguir alentando a nuestros equipos en su camino hacia nuevos logros! <strong>\u00a1VAMOS RECO!<\/strong><\/p>\n\n\n\n<p><\/p>\n","protected":false},"excerpt":{"rendered":"<p>F\u00fatbol 7 Damas Mayores: \u00a1A cuartos de final! El pasado lunes 14 de abril, el equipo de F\u00fatbol 7 Damas Mayores del Colegio SS.CC. Recoleta consigui\u00f3 una importante victoria en ADECORE, derrotando al colegio Nuestra Se\u00f1ora del Buen Consejo con un marcador de 3 a 1. Este resultado asegura su clasificaci\u00f3n a los cuartos de [&hellip;]<\/p>\n","protected":false},"author":2,"featured_media":560,"comment_status":"open","ping_status":"open","sticky":false,"template":"","format":"standard","meta":{"footnotes":""},"categories":[9],"tags":[35,33,37,31,40,32,34,39,41],"class_list":["post-559","post","type-post","status-publish","format-standard","has-post-thumbnail","hentry","category-deportes","tag-adecore","tag-basquet","tag-basquet-varones-menores","tag-colegio-ss-cc-recoleta","tag-deporte-escolar","tag-futbol","tag-futbol-7-damas-mayores","tag-trabajo-en-equipo","tag-valores-deportivos"],"_links":{"self":[{"href":"https:\/\/www.recoleta.edu.pe\/blog\/wp-json\/wp\/v2\/posts\/559","targetHints":{"allow":["GET"]}}],"collection":[{"href":"https:\/\/www.recoleta.edu.pe\/blog\/wp-json\/wp\/v2\/posts"}],"about":[{"href":"https:\/\/www.recoleta.edu.pe\/blog\/wp-json\/wp\/v2\/types\/post"}],"author":[{"embeddable":true,"href":"https:\/\/www.recoleta.edu.pe\/blog\/wp-json\/wp\/v2\/users\/2"}],"replies":[{"embeddable":true,"href":"https:\/\/www.recoleta.edu.pe\/blog\/wp-json\/wp\/v2\/comments?post=559"}],"version-history":[{"count":5,"href":"https:\/\/www.recoleta.edu.pe\/blog\/wp-json\/wp\/v2\/posts\/559\/revisions"}],"predecessor-version":[{"id":571,"href":"https:\/\/www.recoleta.edu.pe\/blog\/wp-json\/wp\/v2\/posts\/559\/revisions\/571"}],"wp:featuredmedia":[{"embeddable":true,"href":"https:\/\/www.recoleta.edu.pe\/blog\/wp-json\/wp\/v2\/media\/560"}],"wp:attachment":[{"href":"https:\/\/www.recoleta.edu.pe\/blog\/wp-json\/wp\/v2\/media?parent=559"}],"wp:term":[{"taxonomy":"category","embeddable":true,"href":"https:\/\/www.recoleta.edu.pe\/blog\/wp-json\/wp\/v2\/categories?post=559"},{"taxonomy":"post_tag","embeddable":true,"href":"https:\/\/www.recoleta.edu.pe\/blog\/wp-json\/wp\/v2\/tags?post=559"}],"curies":[{"name":"wp","href":"https:\/\/api.w.org\/{rel}","templated":true}]}}