{"id":746,"date":"2025-09-10T10:00:00","date_gmt":"2025-09-10T08:00:00","guid":{"rendered":"https:\/\/www.recoleta.edu.pe\/blog\/?p=746"},"modified":"2025-10-14T17:42:04","modified_gmt":"2025-10-14T15:42:04","slug":"formacion-en-valores-exito-personal-y-laboral","status":"publish","type":"post","link":"https:\/\/www.recoleta.edu.pe\/blog\/formacion-en-valores-exito-personal-y-laboral\/","title":{"rendered":"Formaci\u00f3n en valores: clave para el \u00e9xito personal y profesional\u00a0"},"content":{"rendered":"\n<p>La <strong>formaci\u00f3n en valores<\/strong> en la etapa escolar es un pilar fundamental para construir cimientos s\u00f3lidos en la vida adulta. Desde temprana edad, permite que ni\u00f1as y ni\u00f1os desarrollen actitudes de respeto, cooperaci\u00f3n y responsabilidad que acompa\u00f1ar\u00e1n sus decisiones en el futuro. Este enfoque refuerza la idea de que aprender no solo implica adquirir conocimientos, sino tambi\u00e9n integrar principios que dan sentido a cada acci\u00f3n.&nbsp;<\/p>\n\n\n\n<p>En un contexto social y laboral cada vez m\u00e1s complejo, la <strong>formaci\u00f3n en valores<\/strong> brinda herramientas para interactuar de manera \u00e9tica y constructiva. Las habilidades adquiridas en la escuela se trasladan a la vida personal y profesional, favoreciendo el liderazgo, la empat\u00eda y la resoluci\u00f3n de problemas. As\u00ed, la educaci\u00f3n se convierte en una experiencia transformadora que moldea la personalidad y fortalece la convivencia.&nbsp;<\/p>\n\n\n\n<p><strong>La educaci\u00f3n en valores y su importancia para la vida personal y profesional<\/strong>&nbsp;<\/p>\n\n\n\n<p>Educar en valores significa ense\u00f1ar a reflexionar sobre las propias acciones, relacionarse con los dem\u00e1s con respeto y tomar decisiones considerando el bien com\u00fan. Este tipo de formaci\u00f3n promueve la autonom\u00eda moral y la capacidad de discernimiento, cualidades indispensables en cualquier \u00e1mbito de la vida.&nbsp;<\/p>\n\n\n\n<p>La pr\u00e1ctica constante de valores como la responsabilidad, la justicia y la solidaridad prepara a los estudiantes para enfrentar desaf\u00edos dentro y fuera del aula. Cuando se integra este aprendizaje con contenidos acad\u00e9micos, se genera una combinaci\u00f3n poderosa: conocimientos s\u00f3lidos y actitudes coherentes. Este equilibrio favorece la confianza y la construcci\u00f3n de v\u00ednculos sociales positivos.&nbsp;<\/p>\n\n\n\n<p>Asimismo, la <strong>formaci\u00f3n en valores<\/strong> aporta a la vida profesional futura. Un estudiante que aprende a respetar la diversidad, actuar con honestidad y cumplir compromisos se adapta mejor a entornos laborales cambiantes. Adem\u00e1s, establece relaciones \u00e9ticas con colegas, clientes y comunidades, convirtiendo la escuela en un laboratorio de vida para ensayar comportamientos que ser\u00e1n necesarios en el mundo del trabajo.<\/p>\n\n\n\n<figure class=\"wp-block-image size-large\"><img loading=\"lazy\" decoding=\"async\" width=\"1024\" height=\"582\" src=\"https:\/\/www.recoleta.edu.pe\/blog\/\/wp-content\/uploads\/2025\/10\/Interna-Recoleta-4-1-1024x582.jpg\" alt=\"Recoleta Formaci\u00f3n en valores\" class=\"wp-image-748\" srcset=\"https:\/\/www.recoleta.edu.pe\/blog\/wp-content\/uploads\/2025\/10\/Interna-Recoleta-4-1-1024x582.jpg 1024w, https:\/\/www.recoleta.edu.pe\/blog\/wp-content\/uploads\/2025\/10\/Interna-Recoleta-4-1-300x170.jpg 300w, https:\/\/www.recoleta.edu.pe\/blog\/wp-content\/uploads\/2025\/10\/Interna-Recoleta-4-1-768x436.jpg 768w, https:\/\/www.recoleta.edu.pe\/blog\/wp-content\/uploads\/2025\/10\/Interna-Recoleta-4-1.jpg 1320w\" sizes=\"auto, (max-width: 1024px) 100vw, 1024px\" \/><\/figure>\n\n\n\n<p><strong>Educaci\u00f3n en valores: \u00bfqu\u00e9 aspectos fortalece?<\/strong>&nbsp;<\/p>\n\n\n\n<p>En la etapa escolar se definen muchas de las conductas y h\u00e1bitos que influir\u00e1n en la vida adulta. La <strong>formaci\u00f3n en valores<\/strong> ofrece un marco de referencia para desenvolverse con confianza, respeto y responsabilidad. Entre sus principales aportes se encuentran:&nbsp;<\/p>\n\n\n\n<p><strong>1. Habilidades sociales<\/strong>&nbsp;<\/p>\n\n\n\n<p>Las habilidades sociales son indispensables para interactuar con compa\u00f1eros, docentes y, m\u00e1s adelante, con colegas de trabajo. Fomentarlas desde temprana edad permite comunicarse con claridad, trabajar en equipo y resolver diferencias de manera pac\u00edfica.&nbsp;<\/p>\n\n\n\n<p>La escuela es un espacio ideal para ejercitar la escucha activa, la empat\u00eda y la cooperaci\u00f3n. Talleres grupales, actividades art\u00edsticas, deportes y proyectos de servicio permiten practicar estas destrezas en situaciones reales. Un alumno que aprende a expresarse con respeto y a comprender las necesidades de otros desarrolla confianza y asertividad, cualidades muy valoradas en todos los \u00e1mbitos de la vida.&nbsp;<\/p>\n\n\n\n<p><strong>2. Resoluci\u00f3n de conflictos<\/strong>&nbsp;<\/p>\n\n\n\n<p>Aprender a gestionar conflictos de manera constructiva es una de las grandes contribuciones de la <strong>formaci\u00f3n en valores<\/strong>. Este aprendizaje reduce la violencia escolar, mejora la convivencia y previene situaciones de acoso.&nbsp;<\/p>\n\n\n\n<p>Los estudiantes adquieren estrategias para dialogar, negociar y llegar a acuerdos que beneficien a todas las partes involucradas. Al practicarlas en un ambiente seguro, construyen h\u00e1bitos que aplicar\u00e1n en la vida adulta. En el entorno laboral, estas destrezas permiten enfrentar desacuerdos sin afectar relaciones profesionales ni productividad.&nbsp;<\/p>\n\n\n\n<p><strong>3. \u00c9tica laboral<\/strong>&nbsp;<\/p>\n\n\n\n<p>La \u00e9tica laboral se fundamenta en principios aprendidos desde la infancia. Puntualidad, responsabilidad, honestidad y respeto son actitudes que, cuando se practican en la escuela, se convierten en h\u00e1bitos duraderos.&nbsp;<\/p>\n\n\n\n<p>Los j\u00f3venes que reciben <strong>formaci\u00f3n en valores<\/strong> tienden a desempe\u00f1arse con mayor compromiso y profesionalismo. Son m\u00e1s propensos a cumplir normas, cuidar la confidencialidad, respetar jerarqu\u00edas y actuar con justicia y equidad. De este modo, la escuela se convierte en un espacio que prepara a futuros profesionales \u00edntegros y responsables.&nbsp;<\/p>\n\n\n\n<p><strong>Conoce m\u00e1s de Recoleta<\/strong>&nbsp;<\/p>\n\n\n\n<p>El Colegio de los Sagrados Corazones Recoleta, con m\u00e1s de 130 a\u00f1os de experiencia educativa, combina formaci\u00f3n acad\u00e9mica de alto nivel con una s\u00f3lida <strong>formaci\u00f3n en valores<\/strong>. Su propuesta pedag\u00f3gica fomenta liderazgo, pensamiento cr\u00edtico, creatividad y trabajo en equipo, contribuyendo al desarrollo integral de cada estudiante.&nbsp;<\/p>\n\n\n\n<p>El campus cuenta con laboratorios de ciencias, bibliotecas, aulas interactivas, instalaciones deportivas y espacios culturales. Cada uno de estos ambientes est\u00e1 dise\u00f1ado para integrar conocimientos, habilidades y valores, formando estudiantes preparados para enfrentar los retos de la vida personal y profesional.&nbsp;<\/p>\n\n\n\n<p>Conoce m\u00e1s en nuestro blog y descubre c\u00f3mo la <strong>formaci\u00f3n en valores<\/strong> transforma la experiencia educativa. <a href=\"https:\/\/www.recoleta.edu.pe\/quienes-somos\/\" target=\"_blank\" rel=\"noreferrer noopener\">Conoce m\u00e1s aqu\u00ed<\/a>.&nbsp;<\/p>\n","protected":false},"excerpt":{"rendered":"<p>La formaci\u00f3n en valores en la etapa escolar es un pilar fundamental para construir cimientos s\u00f3lidos en la vida adulta. Desde temprana edad, permite que ni\u00f1as y ni\u00f1os desarrollen actitudes de respeto, cooperaci\u00f3n y responsabilidad que acompa\u00f1ar\u00e1n sus decisiones en el futuro. Este enfoque refuerza la idea de que aprender no solo implica adquirir conocimientos, [&hellip;]<\/p>\n","protected":false},"author":1,"featured_media":747,"comment_status":"open","ping_status":"open","sticky":false,"template":"","format":"standard","meta":{"footnotes":""},"categories":[16],"tags":[],"class_list":["post-746","post","type-post","status-publish","format-standard","has-post-thumbnail","hentry","category-vida-escolar"],"_links":{"self":[{"href":"https:\/\/www.recoleta.edu.pe\/blog\/wp-json\/wp\/v2\/posts\/746","targetHints":{"allow":["GET"]}}],"collection":[{"href":"https:\/\/www.recoleta.edu.pe\/blog\/wp-json\/wp\/v2\/posts"}],"about":[{"href":"https:\/\/www.recoleta.edu.pe\/blog\/wp-json\/wp\/v2\/types\/post"}],"author":[{"embeddable":true,"href":"https:\/\/www.recoleta.edu.pe\/blog\/wp-json\/wp\/v2\/users\/1"}],"replies":[{"embeddable":true,"href":"https:\/\/www.recoleta.edu.pe\/blog\/wp-json\/wp\/v2\/comments?post=746"}],"version-history":[{"count":1,"href":"https:\/\/www.recoleta.edu.pe\/blog\/wp-json\/wp\/v2\/posts\/746\/revisions"}],"predecessor-version":[{"id":749,"href":"https:\/\/www.recoleta.edu.pe\/blog\/wp-json\/wp\/v2\/posts\/746\/revisions\/749"}],"wp:featuredmedia":[{"embeddable":true,"href":"https:\/\/www.recoleta.edu.pe\/blog\/wp-json\/wp\/v2\/media\/747"}],"wp:attachment":[{"href":"https:\/\/www.recoleta.edu.pe\/blog\/wp-json\/wp\/v2\/media?parent=746"}],"wp:term":[{"taxonomy":"category","embeddable":true,"href":"https:\/\/www.recoleta.edu.pe\/blog\/wp-json\/wp\/v2\/categories?post=746"},{"taxonomy":"post_tag","embeddable":true,"href":"https:\/\/www.recoleta.edu.pe\/blog\/wp-json\/wp\/v2\/tags?post=746"}],"curies":[{"name":"wp","href":"https:\/\/api.w.org\/{rel}","templated":true}]}}