{"id":792,"date":"2025-10-30T10:00:00","date_gmt":"2025-10-30T09:00:00","guid":{"rendered":"https:\/\/www.recoleta.edu.pe\/blog\/?p=792"},"modified":"2025-11-11T23:43:20","modified_gmt":"2025-11-11T22:43:20","slug":"mes-senor-de-los-milagros-colegio-recoleta","status":"publish","type":"post","link":"https:\/\/www.recoleta.edu.pe\/blog\/mes-senor-de-los-milagros-colegio-recoleta\/","title":{"rendered":"\u00bfC\u00f3mo vivimos el mes del Se\u00f1or de los Milagros?\u00a0"},"content":{"rendered":"\n<p>Octubre es un mes de fe, esperanza y tradici\u00f3n en todo el Per\u00fa. Las calles se visten de morado y miles de corazones se unen en oraci\u00f3n al <strong>Se\u00f1or de los Milagros<\/strong>, s\u00edmbolo de amor y fortaleza espiritual. En el <strong>Colegio de los Sagrados Corazones Recoleta<\/strong>, esta devoci\u00f3n se vive con alegr\u00eda y gratitud, como parte de una formaci\u00f3n que integra la fe con la vida escolar.&nbsp;<\/p>\n\n\n\n<p>Cada a\u00f1o, nuestra comunidad educativa se prepara con entusiasmo para rendir homenaje al Cristo Moreno. Estudiantes, docentes, familias y colaboradores se unen para expresar su fe a trav\u00e9s de oraciones, cantos, alfombras florales y actividades que reflejan el esp\u00edritu recoletano.&nbsp;<\/p>\n\n\n\n<div id=\"ez-toc-container\" class=\"ez-toc-v2_0_82_2 counter-hierarchy ez-toc-counter ez-toc-grey ez-toc-container-direction\">\n<div class=\"ez-toc-title-container\">\n<p class=\"ez-toc-title\" style=\"cursor:inherit\">Tabla de contenidos<\/p>\n<span class=\"ez-toc-title-toggle\"><a href=\"#\" class=\"ez-toc-pull-right ez-toc-btn ez-toc-btn-xs ez-toc-btn-default ez-toc-toggle\" aria-label=\"Alternar tabla de contenidos\"><span class=\"ez-toc-js-icon-con\"><span class=\"\"><span class=\"eztoc-hide\" style=\"display:none;\">Toggle<\/span><span class=\"ez-toc-icon-toggle-span\"><svg style=\"fill: #999;color:#999\" xmlns=\"http:\/\/www.w3.org\/2000\/svg\" class=\"list-377408\" width=\"20px\" height=\"20px\" viewBox=\"0 0 24 24\" fill=\"none\"><path d=\"M6 6H4v2h2V6zm14 0H8v2h12V6zM4 11h2v2H4v-2zm16 0H8v2h12v-2zM4 16h2v2H4v-2zm16 0H8v2h12v-2z\" fill=\"currentColor\"><\/path><\/svg><svg style=\"fill: #999;color:#999\" class=\"arrow-unsorted-368013\" xmlns=\"http:\/\/www.w3.org\/2000\/svg\" width=\"10px\" height=\"10px\" viewBox=\"0 0 24 24\" version=\"1.2\" baseProfile=\"tiny\"><path d=\"M18.2 9.3l-6.2-6.3-6.2 6.3c-.2.2-.3.4-.3.7s.1.5.3.7c.2.2.4.3.7.3h11c.3 0 .5-.1.7-.3.2-.2.3-.5.3-.7s-.1-.5-.3-.7zM5.8 14.7l6.2 6.3 6.2-6.3c.2-.2.3-.5.3-.7s-.1-.5-.3-.7c-.2-.2-.4-.3-.7-.3h-11c-.3 0-.5.1-.7.3-.2.2-.3.5-.3.7s.1.5.3.7z\"\/><\/svg><\/span><\/span><\/span><\/a><\/span><\/div>\n<nav><ul class='ez-toc-list ez-toc-list-level-1 ' ><li class='ez-toc-page-1 ez-toc-heading-level-2'><a class=\"ez-toc-link ez-toc-heading-1\" href=\"https:\/\/www.recoleta.edu.pe\/blog\/mes-senor-de-los-milagros-colegio-recoleta\/#El_Senor_de_los_Milagros_una_tradicion_que_une_fe_y_esperanza\" >El Se\u00f1or de los Milagros: una tradici\u00f3n que une fe y esperanza&nbsp;<\/a><\/li><li class='ez-toc-page-1 ez-toc-heading-level-2'><a class=\"ez-toc-link ez-toc-heading-2\" href=\"https:\/\/www.recoleta.edu.pe\/blog\/mes-senor-de-los-milagros-colegio-recoleta\/#Como_vivimos_el_mes_morado_en_el_colegio\" >C\u00f3mo vivimos el mes morado en el colegio&nbsp;<\/a><\/li><li class='ez-toc-page-1 ez-toc-heading-level-2'><a class=\"ez-toc-link ez-toc-heading-3\" href=\"https:\/\/www.recoleta.edu.pe\/blog\/mes-senor-de-los-milagros-colegio-recoleta\/#La_fe_como_parte_de_la_formacion_integral\" >La fe como parte de la formaci\u00f3n integral&nbsp;<\/a><\/li><li class='ez-toc-page-1 ez-toc-heading-level-2'><a class=\"ez-toc-link ez-toc-heading-4\" href=\"https:\/\/www.recoleta.edu.pe\/blog\/mes-senor-de-los-milagros-colegio-recoleta\/#Un_llamado_a_vivir_con_devocion_y_gratitud\" >Un llamado a vivir con devoci\u00f3n y gratitud&nbsp;<\/a><\/li><\/ul><\/nav><\/div>\n<h2 class=\"wp-block-heading\"><span class=\"ez-toc-section\" id=\"El_Senor_de_los_Milagros_una_tradicion_que_une_fe_y_esperanza\"><\/span><strong>El Se\u00f1or de los Milagros: una tradici\u00f3n que une fe y esperanza<\/strong>&nbsp;<span class=\"ez-toc-section-end\"><\/span><\/h2>\n\n\n\n<p>La historia del Se\u00f1or de los Milagros comenz\u00f3 en el siglo XVII, cuando un grupo de afroperuanos pint\u00f3 la imagen de Cristo crucificado en una pared del barrio lime\u00f1o de Pachacamilla. Pese a los terremotos que azotaron la ciudad, la pintura se mantuvo intacta, y desde entonces millones de fieles la veneran como s\u00edmbolo de fe, esperanza y consuelo.&nbsp;<\/p>\n\n\n\n<p>Cada octubre, la procesi\u00f3n del Cristo Moreno recorre las calles de Lima, reuniendo a miles de personas que oran y cantan con profunda devoci\u00f3n. El color morado, las flores y el incienso se convierten en signos visibles de una fe que trasciende generaciones y une al pa\u00eds en un mismo sentimiento de gratitud.&nbsp;<\/p>\n\n\n\n<p>A trav\u00e9s de esta celebraci\u00f3n, recordamos la importancia de mantener viva la fe y de vivirla con compromiso, como parte de la identidad espiritual que caracteriza a nuestra comunidad educativa.&nbsp;<\/p>\n\n\n\n<h2 class=\"wp-block-heading\"><span class=\"ez-toc-section\" id=\"Como_vivimos_el_mes_morado_en_el_colegio\"><\/span><strong>C\u00f3mo vivimos el mes morado en el colegio<\/strong>&nbsp;<span class=\"ez-toc-section-end\"><\/span><\/h2>\n\n\n\n<p>Durante octubre, cada rinc\u00f3n del colegio se llena de s\u00edmbolos del mes morado. Las aulas, pasillos y patios se decoran con tonos violetas, cruces, flores y mensajes que inspiran reflexi\u00f3n. Desde los m\u00e1s peque\u00f1os hasta los estudiantes mayores, todos participan con entusiasmo en las actividades preparadas para honrar al Se\u00f1or de los Milagros.&nbsp;<\/p>\n\n\n\n<p>Uno de los momentos m\u00e1s esperados es la procesi\u00f3n interna, en la que la imagen del Cristo Moreno recorre los espacios del colegio. Los estudiantes, vestidos de morado, acompa\u00f1an el anda con cantos y oraciones, mientras alfombras florales y murales decoran el camino. Es un acto que une fe, arte y comunidad en una experiencia compartida.&nbsp;<\/p>\n\n\n\n<p>Las familias tambi\u00e9n son protagonistas de esta celebraci\u00f3n. Padres y madres de familia se suman a la preparaci\u00f3n de las alfombras, al acompa\u00f1amiento de la procesi\u00f3n y a los espacios de oraci\u00f3n. Este trabajo conjunto fortalece los lazos entre hogar y escuela, y refuerza el sentido de comunidad que nos distingue.&nbsp;<\/p>\n\n\n\n<figure class=\"wp-block-image size-large\"><img loading=\"lazy\" decoding=\"async\" width=\"1024\" height=\"582\" src=\"https:\/\/www.recoleta.edu.pe\/blog\/\/wp-content\/uploads\/2025\/11\/Interna-Recoleta-9-1-1024x582.jpg\" alt=\"se\u00f1or de los milagros\" class=\"wp-image-794\" srcset=\"https:\/\/www.recoleta.edu.pe\/blog\/wp-content\/uploads\/2025\/11\/Interna-Recoleta-9-1-1024x582.jpg 1024w, https:\/\/www.recoleta.edu.pe\/blog\/wp-content\/uploads\/2025\/11\/Interna-Recoleta-9-1-300x170.jpg 300w, https:\/\/www.recoleta.edu.pe\/blog\/wp-content\/uploads\/2025\/11\/Interna-Recoleta-9-1-768x436.jpg 768w, https:\/\/www.recoleta.edu.pe\/blog\/wp-content\/uploads\/2025\/11\/Interna-Recoleta-9-1.jpg 1320w\" sizes=\"auto, (max-width: 1024px) 100vw, 1024px\" \/><\/figure>\n\n\n\n<h2 class=\"wp-block-heading\"><span class=\"ez-toc-section\" id=\"La_fe_como_parte_de_la_formacion_integral\"><\/span><strong>La fe como parte de la formaci\u00f3n integral<\/strong>&nbsp;<span class=\"ez-toc-section-end\"><\/span><\/h2>\n\n\n\n<p>Las celebraciones en honor al <strong>Se\u00f1or de los Milagros<\/strong> forman parte de una educaci\u00f3n que busca inspirar esperanza, empat\u00eda y solidaridad. M\u00e1s all\u00e1 del aspecto religioso, este tiempo es una oportunidad para reflexionar sobre el servicio, la gratitud y la importancia de compartir lo mejor de cada uno.&nbsp;<\/p>\n\n\n\n<p>La participaci\u00f3n en el mes morado permite a los estudiantes desarrollar sensibilidad espiritual y compromiso con los valores que los acompa\u00f1ar\u00e1n en su vida. Aprenden que la fe tambi\u00e9n se manifiesta en los peque\u00f1os gestos de respeto, ayuda mutua y cuidado de los dem\u00e1s.&nbsp;<\/p>\n\n\n\n<p>Adem\u00e1s, estas vivencias fortalecen la identidad recoletana. Cada oraci\u00f3n, canto o actividad art\u00edstica deja una huella en la formaci\u00f3n de los alumnos, record\u00e1ndoles que la fe se construye con acciones y que ser parte de esta comunidad implica vivir con esperanza y alegr\u00eda.&nbsp;<\/p>\n\n\n\n<h2 class=\"wp-block-heading\"><span class=\"ez-toc-section\" id=\"Un_llamado_a_vivir_con_devocion_y_gratitud\"><\/span><strong>Un llamado a vivir con devoci\u00f3n y gratitud<\/strong>&nbsp;<span class=\"ez-toc-section-end\"><\/span><\/h2>\n\n\n\n<p>El <a href=\"https:\/\/www.recoleta.edu.pe\/quienes-somos\/\" target=\"_blank\" rel=\"noreferrer noopener\">Colegio de los Sagrados Corazones Recoleta<\/a> vivi\u00f3 octubre como un tiempo de encuentro y reflexi\u00f3n. La celebraci\u00f3n del <strong>Se\u00f1or de los Milagros<\/strong> fue una oportunidad para agradecer, compartir y renovar la fe que une a toda la comunidad.&nbsp;<\/p>\n\n\n\n<p>Durante el mes morado, estudiantes, familias y colaboradores participaron con entusiasmo en las distintas actividades preparadas para rendir homenaje al Cristo Moreno. Cada oraci\u00f3n, canto y gesto solidario reflej\u00f3 los valores que inspiran esta tradici\u00f3n y que contin\u00faan guiando el camino recoletano.&nbsp;<\/p>\n\n\n\n<p>El ejemplo del Se\u00f1or de los Milagros fortaleci\u00f3 la esperanza, la uni\u00f3n y el compromiso con el servicio. Cada estudiante llev\u00f3 en su coraz\u00f3n la alegr\u00eda de vivir la fe con gratitud, reconociendo en esta celebraci\u00f3n una experiencia que dej\u00f3 huella en toda la comunidad educativa.&nbsp;<\/p>\n","protected":false},"excerpt":{"rendered":"<p>Octubre es un mes de fe, esperanza y tradici\u00f3n en todo el Per\u00fa. Las calles se visten de morado y miles de corazones se unen en oraci\u00f3n al Se\u00f1or de los Milagros, s\u00edmbolo de amor y fortaleza espiritual. En el Colegio de los Sagrados Corazones Recoleta, esta devoci\u00f3n se vive con alegr\u00eda y gratitud, como [&hellip;]<\/p>\n","protected":false},"author":1,"featured_media":793,"comment_status":"open","ping_status":"open","sticky":false,"template":"","format":"standard","meta":{"footnotes":""},"categories":[13],"tags":[],"class_list":["post-792","post","type-post","status-publish","format-standard","has-post-thumbnail","hentry","category-efemerides"],"_links":{"self":[{"href":"https:\/\/www.recoleta.edu.pe\/blog\/wp-json\/wp\/v2\/posts\/792","targetHints":{"allow":["GET"]}}],"collection":[{"href":"https:\/\/www.recoleta.edu.pe\/blog\/wp-json\/wp\/v2\/posts"}],"about":[{"href":"https:\/\/www.recoleta.edu.pe\/blog\/wp-json\/wp\/v2\/types\/post"}],"author":[{"embeddable":true,"href":"https:\/\/www.recoleta.edu.pe\/blog\/wp-json\/wp\/v2\/users\/1"}],"replies":[{"embeddable":true,"href":"https:\/\/www.recoleta.edu.pe\/blog\/wp-json\/wp\/v2\/comments?post=792"}],"version-history":[{"count":1,"href":"https:\/\/www.recoleta.edu.pe\/blog\/wp-json\/wp\/v2\/posts\/792\/revisions"}],"predecessor-version":[{"id":795,"href":"https:\/\/www.recoleta.edu.pe\/blog\/wp-json\/wp\/v2\/posts\/792\/revisions\/795"}],"wp:featuredmedia":[{"embeddable":true,"href":"https:\/\/www.recoleta.edu.pe\/blog\/wp-json\/wp\/v2\/media\/793"}],"wp:attachment":[{"href":"https:\/\/www.recoleta.edu.pe\/blog\/wp-json\/wp\/v2\/media?parent=792"}],"wp:term":[{"taxonomy":"category","embeddable":true,"href":"https:\/\/www.recoleta.edu.pe\/blog\/wp-json\/wp\/v2\/categories?post=792"},{"taxonomy":"post_tag","embeddable":true,"href":"https:\/\/www.recoleta.edu.pe\/blog\/wp-json\/wp\/v2\/tags?post=792"}],"curies":[{"name":"wp","href":"https:\/\/api.w.org\/{rel}","templated":true}]}}