{"id":976,"date":"2026-02-21T01:26:00","date_gmt":"2026-02-21T00:26:00","guid":{"rendered":"https:\/\/www.recoleta.edu.pe\/blog\/?p=976\/"},"modified":"2026-04-29T01:28:33","modified_gmt":"2026-04-28T23:28:33","slug":"adaptacion-escolar","status":"publish","type":"post","link":"https:\/\/www.recoleta.edu.pe\/blog\/adaptacion-escolar\/","title":{"rendered":"Se\u00f1ales de que tu hijo se est\u00e1 adaptando bien al colegio\u00a0"},"content":{"rendered":"\n<p>El inicio de la vida escolar es una etapa importante para ni\u00f1as y ni\u00f1os. Durante las primeras semanas o meses, los estudiantes comienzan a familiarizarse con nuevas rutinas, personas y espacios, lo que forma parte del proceso de&nbsp;adaptaci\u00f3n escolar.&nbsp;<\/p>\n\n\n\n<p>Para muchas familias, observar c\u00f3mo sus hijos viven esta transici\u00f3n genera preguntas e inquietudes. Sin embargo, existen diversas se\u00f1ales cotidianas que pueden indicar que el proceso de adaptaci\u00f3n est\u00e1 avanzando de manera positiva. Reconocer estos indicadores permite acompa\u00f1ar mejor a los estudiantes en esta etapa de crecimiento y aprendizaje.&nbsp;<\/p>\n\n\n\n<figure class=\"wp-block-image size-large\"><img loading=\"lazy\" decoding=\"async\" width=\"1024\" height=\"582\" src=\"https:\/\/www.recoleta.edu.pe\/blog\/\/wp-content\/uploads\/2026\/04\/adaptacion-escolar-nota-1024x582.jpg\" alt=\"\" class=\"wp-image-980\" srcset=\"https:\/\/www.recoleta.edu.pe\/blog\/wp-content\/uploads\/2026\/04\/adaptacion-escolar-nota-1024x582.jpg 1024w, https:\/\/www.recoleta.edu.pe\/blog\/wp-content\/uploads\/2026\/04\/adaptacion-escolar-nota-300x170.jpg 300w, https:\/\/www.recoleta.edu.pe\/blog\/wp-content\/uploads\/2026\/04\/adaptacion-escolar-nota-768x436.jpg 768w, https:\/\/www.recoleta.edu.pe\/blog\/wp-content\/uploads\/2026\/04\/adaptacion-escolar-nota.jpg 1320w\" sizes=\"auto, (max-width: 1024px) 100vw, 1024px\" \/><\/figure>\n\n\n\n<div id=\"ez-toc-container\" class=\"ez-toc-v2_0_82_2 counter-hierarchy ez-toc-counter ez-toc-grey ez-toc-container-direction\">\n<div class=\"ez-toc-title-container\">\n<p class=\"ez-toc-title\" style=\"cursor:inherit\">Tabla de contenidos<\/p>\n<span class=\"ez-toc-title-toggle\"><a href=\"#\" class=\"ez-toc-pull-right ez-toc-btn ez-toc-btn-xs ez-toc-btn-default ez-toc-toggle\" aria-label=\"Alternar tabla de contenidos\"><span class=\"ez-toc-js-icon-con\"><span class=\"\"><span class=\"eztoc-hide\" style=\"display:none;\">Toggle<\/span><span class=\"ez-toc-icon-toggle-span\"><svg style=\"fill: #999;color:#999\" xmlns=\"http:\/\/www.w3.org\/2000\/svg\" class=\"list-377408\" width=\"20px\" height=\"20px\" viewBox=\"0 0 24 24\" fill=\"none\"><path d=\"M6 6H4v2h2V6zm14 0H8v2h12V6zM4 11h2v2H4v-2zm16 0H8v2h12v-2zM4 16h2v2H4v-2zm16 0H8v2h12v-2z\" fill=\"currentColor\"><\/path><\/svg><svg style=\"fill: #999;color:#999\" class=\"arrow-unsorted-368013\" xmlns=\"http:\/\/www.w3.org\/2000\/svg\" width=\"10px\" height=\"10px\" viewBox=\"0 0 24 24\" version=\"1.2\" baseProfile=\"tiny\"><path d=\"M18.2 9.3l-6.2-6.3-6.2 6.3c-.2.2-.3.4-.3.7s.1.5.3.7c.2.2.4.3.7.3h11c.3 0 .5-.1.7-.3.2-.2.3-.5.3-.7s-.1-.5-.3-.7zM5.8 14.7l6.2 6.3 6.2-6.3c.2-.2.3-.5.3-.7s-.1-.5-.3-.7c-.2-.2-.4-.3-.7-.3h-11c-.3 0-.5.1-.7.3-.2.2-.3.5-.3.7s.1.5.3.7z\"\/><\/svg><\/span><\/span><\/span><\/a><\/span><\/div>\n<nav><ul class='ez-toc-list ez-toc-list-level-1 ' ><li class='ez-toc-page-1 ez-toc-heading-level-2'><a class=\"ez-toc-link ez-toc-heading-1\" href=\"https:\/\/www.recoleta.edu.pe\/blog\/adaptacion-escolar\/#Senales_positivas_de_adaptacion_escolar\" >Se\u00f1ales positivas de adaptaci\u00f3n escolar&nbsp;<\/a><ul class='ez-toc-list-level-3' ><li class='ez-toc-heading-level-3'><a class=\"ez-toc-link ez-toc-heading-2\" href=\"https:\/\/www.recoleta.edu.pe\/blog\/adaptacion-escolar\/#Las_rutinas_comienzan_a_fluir_con_mayor_naturalidad\" >Las rutinas comienzan a fluir con mayor naturalidad\u00a0<\/a><\/li><li class='ez-toc-page-1 ez-toc-heading-level-3'><a class=\"ez-toc-link ez-toc-heading-3\" href=\"https:\/\/www.recoleta.edu.pe\/blog\/adaptacion-escolar\/#Empieza_a_establecer_vinculos_con_sus_companeros\" >Empieza a establecer v\u00ednculos con sus compa\u00f1eros\u00a0<\/a><\/li><li class='ez-toc-page-1 ez-toc-heading-level-3'><a class=\"ez-toc-link ez-toc-heading-4\" href=\"https:\/\/www.recoleta.edu.pe\/blog\/adaptacion-escolar\/#Participa_en_actividades_dentro_del_aula\" >Participa en actividades dentro del aula\u00a0<\/a><\/li><li class='ez-toc-page-1 ez-toc-heading-level-3'><a class=\"ez-toc-link ez-toc-heading-5\" href=\"https:\/\/www.recoleta.edu.pe\/blog\/adaptacion-escolar\/#Muestra_curiosidad_por_lo_que_aprende\" >Muestra curiosidad por lo que aprende\u00a0<\/a><\/li><li class='ez-toc-page-1 ez-toc-heading-level-3'><a class=\"ez-toc-link ez-toc-heading-6\" href=\"https:\/\/www.recoleta.edu.pe\/blog\/adaptacion-escolar\/#Desarrolla_mayor_autonomia\" >Desarrolla mayor autonom\u00eda\u00a0<\/a><\/li><\/ul><\/li><li class='ez-toc-page-1 ez-toc-heading-level-2'><a class=\"ez-toc-link ez-toc-heading-7\" href=\"https:\/\/www.recoleta.edu.pe\/blog\/adaptacion-escolar\/#La_importancia_de_un_entorno_educativo_que_acompane_el_proceso\" >La importancia de un entorno educativo que acompa\u00f1e el proceso&nbsp;<\/a><\/li><li class='ez-toc-page-1 ez-toc-heading-level-2'><a class=\"ez-toc-link ez-toc-heading-8\" href=\"https:\/\/www.recoleta.edu.pe\/blog\/adaptacion-escolar\/#Acompanar_la_adaptacion_escolar_desde_la_familia\" >Acompa\u00f1ar la adaptaci\u00f3n escolar desde la familia&nbsp;<\/a><\/li><li class='ez-toc-page-1 ez-toc-heading-level-2'><a class=\"ez-toc-link ez-toc-heading-9\" href=\"https:\/\/www.recoleta.edu.pe\/blog\/adaptacion-escolar\/#Conoce_mas_sobre_la_experiencia_educativa_en_nuestro_colegio\" >Conoce m\u00e1s sobre la experiencia educativa en nuestro colegio&nbsp;<\/a><\/li><\/ul><\/nav><\/div>\n<h2 class=\"wp-block-heading\"><span class=\"ez-toc-section\" id=\"Senales_positivas_de_adaptacion_escolar\"><\/span><strong>Se\u00f1ales positivas de adaptaci\u00f3n escolar<\/strong>&nbsp;<span class=\"ez-toc-section-end\"><\/span><\/h2>\n\n\n\n<p>Existen diferentes indicadores que pueden mostrar que un ni\u00f1o o ni\u00f1a se est\u00e1 adaptando bien al colegio. A continuaci\u00f3n, se presentan algunos de los m\u00e1s frecuentes.&nbsp;<\/p>\n\n\n\n<h3 class=\"wp-block-heading\"><span class=\"ez-toc-section\" id=\"Las_rutinas_comienzan_a_fluir_con_mayor_naturalidad\"><\/span><strong>Las rutinas comienzan a fluir con mayor naturalidad<\/strong>\u00a0<span class=\"ez-toc-section-end\"><\/span><\/h3>\n\n\n\n<p>Una de las primeras se\u00f1ales de una buena&nbsp;<strong>adaptaci\u00f3n escolar<\/strong>&nbsp;es cuando el estudiante empieza a familiarizarse con las rutinas diarias.&nbsp;<\/p>\n\n\n\n<p>Esto puede observarse cuando:&nbsp;<\/p>\n\n\n\n<ul class=\"wp-block-list\">\n<li>Se prepara para ir al colegio con mayor tranquilidad.&nbsp;<\/li>\n<\/ul>\n\n\n\n<ul class=\"wp-block-list\">\n<li>Comprende mejor los horarios y actividades del d\u00eda.&nbsp;<\/li>\n<\/ul>\n\n\n\n<ul class=\"wp-block-list\">\n<li>Participa con mayor seguridad en las din\u00e1micas del aula.&nbsp;<\/li>\n<\/ul>\n\n\n\n<p>A medida que los estudiantes comprenden c\u00f3mo funciona el d\u00eda escolar, suelen sentirse m\u00e1s tranquilos y confiados.&nbsp;<\/p>\n\n\n\n<h3 class=\"wp-block-heading\"><span class=\"ez-toc-section\" id=\"Empieza_a_establecer_vinculos_con_sus_companeros\"><\/span><strong>Empieza a establecer v\u00ednculos con sus compa\u00f1eros<\/strong>\u00a0<span class=\"ez-toc-section-end\"><\/span><\/h3>\n\n\n\n<p>El desarrollo de relaciones con otros estudiantes es otro indicador importante.&nbsp;<\/p>\n\n\n\n<p>Durante el proceso de adaptaci\u00f3n, es com\u00fan que los ni\u00f1os comiencen a:&nbsp;<\/p>\n\n\n\n<ul class=\"wp-block-list\">\n<li>Reconocer a sus compa\u00f1eros.&nbsp;<\/li>\n<\/ul>\n\n\n\n<ul class=\"wp-block-list\">\n<li>Jugar o conversar con ellos durante el recreo.&nbsp;<\/li>\n<\/ul>\n\n\n\n<ul class=\"wp-block-list\">\n<li>Mencionar sus nombres o experiencias del colegio en casa.&nbsp;<\/li>\n<\/ul>\n\n\n\n<p>Estos primeros v\u00ednculos contribuyen a que los estudiantes se sientan parte del grupo y desarrollen mayor confianza en el entorno escolar.&nbsp;<\/p>\n\n\n\n<h3 class=\"wp-block-heading\"><span class=\"ez-toc-section\" id=\"Participa_en_actividades_dentro_del_aula\"><\/span><strong>Participa en actividades dentro del aula<\/strong>\u00a0<span class=\"ez-toc-section-end\"><\/span><\/h3>\n\n\n\n<p>Otra se\u00f1al positiva aparece cuando el estudiante comienza a involucrarse activamente en las actividades escolares.&nbsp;<\/p>\n\n\n\n<p>Por ejemplo, puede:&nbsp;<\/p>\n\n\n\n<ul class=\"wp-block-list\">\n<li>Levantar la mano para participar.&nbsp;<\/li>\n<\/ul>\n\n\n\n<ul class=\"wp-block-list\">\n<li>Compartir ideas o comentarios en clase.&nbsp;<\/li>\n<\/ul>\n\n\n\n<ul class=\"wp-block-list\">\n<li>Integrarse en juegos o trabajos grupales.&nbsp;<\/li>\n<\/ul>\n\n\n\n<p>La participaci\u00f3n suele aumentar a medida que el ni\u00f1o o la ni\u00f1a se siente m\u00e1s seguro dentro del ambiente educativo.&nbsp;<\/p>\n\n\n\n<h3 class=\"wp-block-heading\"><span class=\"ez-toc-section\" id=\"Muestra_curiosidad_por_lo_que_aprende\"><\/span><strong>Muestra curiosidad por lo que aprende<\/strong>\u00a0<span class=\"ez-toc-section-end\"><\/span><\/h3>\n\n\n\n<p>La curiosidad tambi\u00e9n es un indicador frecuente de que el estudiante se siente c\u00f3modo en su entorno escolar.&nbsp;<\/p>\n\n\n\n<p>Esto puede manifestarse cuando:&nbsp;<\/p>\n\n\n\n<ul class=\"wp-block-list\">\n<li>Hace preguntas sobre lo aprendido durante el d\u00eda.&nbsp;<\/li>\n<\/ul>\n\n\n\n<ul class=\"wp-block-list\">\n<li>Cuenta experiencias o actividades realizadas en clase.&nbsp;<\/li>\n<\/ul>\n\n\n\n<ul class=\"wp-block-list\">\n<li>Muestra inter\u00e9s por nuevos temas o proyectos.&nbsp;<\/li>\n<\/ul>\n\n\n\n<p>La curiosidad es parte natural del aprendizaje y suele aparecer cuando los estudiantes se sienten motivados y seguros en el aula.&nbsp;<\/p>\n\n\n\n<h3 class=\"wp-block-heading\"><span class=\"ez-toc-section\" id=\"Desarrolla_mayor_autonomia\"><\/span><strong>Desarrolla mayor autonom\u00eda<\/strong>\u00a0<span class=\"ez-toc-section-end\"><\/span><\/h3>\n\n\n\n<p>La&nbsp;<strong>adaptaci\u00f3n escolar<\/strong>&nbsp;tambi\u00e9n implica que los estudiantes comiencen a desarrollar progresivamente habilidades de autonom\u00eda.&nbsp;<\/p>\n\n\n\n<p>Entre los signos m\u00e1s comunes se encuentran:&nbsp;<\/p>\n\n\n\n<ul class=\"wp-block-list\">\n<li>Organizar sus materiales escolares.&nbsp;<\/li>\n<\/ul>\n\n\n\n<ul class=\"wp-block-list\">\n<li>Recordar indicaciones o tareas sencillas.&nbsp;<\/li>\n<\/ul>\n\n\n\n<ul class=\"wp-block-list\">\n<li>Realizar algunas actividades sin ayuda constante.&nbsp;<\/li>\n<\/ul>\n\n\n\n<p>Este crecimiento forma parte del desarrollo personal y contribuye a fortalecer la confianza de los estudiantes en sus propias capacidades.&nbsp;<\/p>\n\n\n\n<h2 class=\"wp-block-heading\"><span class=\"ez-toc-section\" id=\"La_importancia_de_un_entorno_educativo_que_acompane_el_proceso\"><\/span><strong>La importancia de un entorno educativo que acompa\u00f1e el proceso<\/strong>&nbsp;<span class=\"ez-toc-section-end\"><\/span><\/h2>\n\n\n\n<p>La adaptaci\u00f3n escolar no depende \u00fanicamente del estudiante. Tambi\u00e9n influye el entorno educativo que lo acoge y acompa\u00f1a durante esta etapa.&nbsp;<\/p>\n\n\n\n<p>En&nbsp;el&nbsp;Colegio de los Sagrados Corazones Recoleta,&nbsp;la educaci\u00f3n se desarrolla dentro de una comunidad educativa que busca&nbsp;acompa\u00f1ar el crecimiento integral de ni\u00f1as, ni\u00f1os y adolescentes,&nbsp;promoviendo su desarrollo acad\u00e9mico, personal y social desde los primeros a\u00f1os.&nbsp;<\/p>\n\n\n\n<p>Esta formaci\u00f3n integral se inspira en el carisma de la Congregaci\u00f3n de los Sagrados Corazones, cuyo prop\u00f3sito educativo es&nbsp;contribuir a la formaci\u00f3n de personas con sentido cristiano y responsabilidad ciudadana.&nbsp;<\/p>\n\n\n\n<p>Contar con un entorno educativo que acoge, orienta y acompa\u00f1a a los estudiantes facilita que el proceso de adaptaci\u00f3n se desarrolle de manera progresiva y respetando el ritmo de cada ni\u00f1o.&nbsp;<\/p>\n\n\n\n<h2 class=\"wp-block-heading\"><span class=\"ez-toc-section\" id=\"Acompanar_la_adaptacion_escolar_desde_la_familia\"><\/span><strong>Acompa\u00f1ar la adaptaci\u00f3n escolar desde la familia<\/strong>&nbsp;<span class=\"ez-toc-section-end\"><\/span><\/h2>\n\n\n\n<p>Las familias cumplen un rol fundamental durante esta etapa. Algunas acciones que pueden ayudar son:&nbsp;<\/p>\n\n\n\n<ul class=\"wp-block-list\">\n<li>Mantener rutinas estables en casa.&nbsp;<\/li>\n<\/ul>\n\n\n\n<ul class=\"wp-block-list\">\n<li>Conversar con los hijos sobre su experiencia escolar.&nbsp;<\/li>\n<\/ul>\n\n\n\n<ul class=\"wp-block-list\">\n<li>Escuchar con atenci\u00f3n sus emociones y experiencias.&nbsp;<\/li>\n<\/ul>\n\n\n\n<ul class=\"wp-block-list\">\n<li>Valorar los avances que van logrando en su proceso de adaptaci\u00f3n.&nbsp;<\/li>\n<\/ul>\n\n\n\n<p>Cada ni\u00f1o vive la&nbsp;adaptaci\u00f3n escolar&nbsp;de manera distinta, por lo que la paciencia y el acompa\u00f1amiento cercano suelen ser claves durante este proceso.&nbsp;<\/p>\n\n\n\n<h2 class=\"wp-block-heading\"><span class=\"ez-toc-section\" id=\"Conoce_mas_sobre_la_experiencia_educativa_en_nuestro_colegio\"><\/span><strong>Conoce m\u00e1s sobre la experiencia educativa en nuestro colegio<\/strong>&nbsp;<span class=\"ez-toc-section-end\"><\/span><\/h2>\n\n\n\n<p>Si deseas conocer m\u00e1s sobre la&nbsp;<a href=\"https:\/\/www.recoleta.edu.pe\/quienes-somos\/\" target=\"_blank\" rel=\"noreferrer noopener\">propuesta educativa del Colegio de los Sagrados Corazones Recoleta<\/a>&nbsp;y c\u00f3mo acompa\u00f1amos el desarrollo integral de nuestros estudiantes desde los primeros a\u00f1os, te invitamos a explorar la informaci\u00f3n disponible en nuestra p\u00e1gina web.&nbsp;<\/p>\n\n\n\n<p><\/p>\n","protected":false},"excerpt":{"rendered":"<p>El inicio de la vida escolar es una etapa importante para ni\u00f1as y ni\u00f1os. Durante las primeras semanas o meses, los estudiantes comienzan a familiarizarse con nuevas rutinas, personas y espacios, lo que forma parte del proceso de&nbsp;adaptaci\u00f3n escolar.&nbsp; Para muchas familias, observar c\u00f3mo sus hijos viven esta transici\u00f3n genera preguntas e inquietudes. Sin embargo, [&hellip;]<\/p>\n","protected":false},"author":1,"featured_media":979,"comment_status":"open","ping_status":"open","sticky":false,"template":"","format":"standard","meta":{"footnotes":""},"categories":[1],"tags":[],"class_list":["post-976","post","type-post","status-publish","format-standard","has-post-thumbnail","hentry","category-contenido-general"],"_links":{"self":[{"href":"https:\/\/www.recoleta.edu.pe\/blog\/wp-json\/wp\/v2\/posts\/976","targetHints":{"allow":["GET"]}}],"collection":[{"href":"https:\/\/www.recoleta.edu.pe\/blog\/wp-json\/wp\/v2\/posts"}],"about":[{"href":"https:\/\/www.recoleta.edu.pe\/blog\/wp-json\/wp\/v2\/types\/post"}],"author":[{"embeddable":true,"href":"https:\/\/www.recoleta.edu.pe\/blog\/wp-json\/wp\/v2\/users\/1"}],"replies":[{"embeddable":true,"href":"https:\/\/www.recoleta.edu.pe\/blog\/wp-json\/wp\/v2\/comments?post=976"}],"version-history":[{"count":5,"href":"https:\/\/www.recoleta.edu.pe\/blog\/wp-json\/wp\/v2\/posts\/976\/revisions"}],"predecessor-version":[{"id":983,"href":"https:\/\/www.recoleta.edu.pe\/blog\/wp-json\/wp\/v2\/posts\/976\/revisions\/983"}],"wp:featuredmedia":[{"embeddable":true,"href":"https:\/\/www.recoleta.edu.pe\/blog\/wp-json\/wp\/v2\/media\/979"}],"wp:attachment":[{"href":"https:\/\/www.recoleta.edu.pe\/blog\/wp-json\/wp\/v2\/media?parent=976"}],"wp:term":[{"taxonomy":"category","embeddable":true,"href":"https:\/\/www.recoleta.edu.pe\/blog\/wp-json\/wp\/v2\/categories?post=976"},{"taxonomy":"post_tag","embeddable":true,"href":"https:\/\/www.recoleta.edu.pe\/blog\/wp-json\/wp\/v2\/tags?post=976"}],"curies":[{"name":"wp","href":"https:\/\/api.w.org\/{rel}","templated":true}]}}