{"id":984,"date":"2026-03-05T16:03:00","date_gmt":"2026-03-05T15:03:00","guid":{"rendered":"https:\/\/www.recoleta.edu.pe\/blog\/?p=984\/"},"modified":"2026-04-29T16:06:19","modified_gmt":"2026-04-29T14:06:19","slug":"inicial-4-y-5-anos","status":"publish","type":"post","link":"https:\/\/www.recoleta.edu.pe\/blog\/inicial-4-y-5-anos\/","title":{"rendered":"Inicial 4 y 5 a\u00f1os: \u00bfcu\u00e1l es la mejor edad para empezar el colegio?\u00a0"},"content":{"rendered":"\n<p>La decisi\u00f3n de cu\u00e1ndo es el momento adecuado para que un ni\u00f1o comience su educaci\u00f3n escolar es una de las m\u00e1s importantes que enfrentan los padres. En especial, cuando se trata de los niveles Inicial 4 y 5 a\u00f1os, donde el desarrollo social, emocional y cognitivo de los ni\u00f1os da sus primeros pasos significativos en el entorno escolar.&nbsp;&nbsp;<\/p>\n\n\n\n<div id=\"ez-toc-container\" class=\"ez-toc-v2_0_82_2 counter-hierarchy ez-toc-counter ez-toc-grey ez-toc-container-direction\">\n<div class=\"ez-toc-title-container\">\n<p class=\"ez-toc-title\" style=\"cursor:inherit\">Tabla de contenidos<\/p>\n<span class=\"ez-toc-title-toggle\"><a href=\"#\" class=\"ez-toc-pull-right ez-toc-btn ez-toc-btn-xs ez-toc-btn-default ez-toc-toggle\" aria-label=\"Alternar tabla de contenidos\"><span class=\"ez-toc-js-icon-con\"><span class=\"\"><span class=\"eztoc-hide\" style=\"display:none;\">Toggle<\/span><span class=\"ez-toc-icon-toggle-span\"><svg style=\"fill: #999;color:#999\" xmlns=\"http:\/\/www.w3.org\/2000\/svg\" class=\"list-377408\" width=\"20px\" height=\"20px\" viewBox=\"0 0 24 24\" fill=\"none\"><path d=\"M6 6H4v2h2V6zm14 0H8v2h12V6zM4 11h2v2H4v-2zm16 0H8v2h12v-2zM4 16h2v2H4v-2zm16 0H8v2h12v-2z\" fill=\"currentColor\"><\/path><\/svg><svg style=\"fill: #999;color:#999\" class=\"arrow-unsorted-368013\" xmlns=\"http:\/\/www.w3.org\/2000\/svg\" width=\"10px\" height=\"10px\" viewBox=\"0 0 24 24\" version=\"1.2\" baseProfile=\"tiny\"><path d=\"M18.2 9.3l-6.2-6.3-6.2 6.3c-.2.2-.3.4-.3.7s.1.5.3.7c.2.2.4.3.7.3h11c.3 0 .5-.1.7-.3.2-.2.3-.5.3-.7s-.1-.5-.3-.7zM5.8 14.7l6.2 6.3 6.2-6.3c.2-.2.3-.5.3-.7s-.1-.5-.3-.7c-.2-.2-.4-.3-.7-.3h-11c-.3 0-.5.1-.7.3-.2.2-.3.5-.3.7s.1.5.3.7z\"\/><\/svg><\/span><\/span><\/span><\/a><\/span><\/div>\n<nav><ul class='ez-toc-list ez-toc-list-level-1 ' ><li class='ez-toc-page-1 ez-toc-heading-level-2'><a class=\"ez-toc-link ez-toc-heading-1\" href=\"https:\/\/www.recoleta.edu.pe\/blog\/inicial-4-y-5-anos\/#%C2%BFPor_que_los_4_y_5_anos_son_una_etapa_clave_para_iniciar_el_colegio\" >\u00bfPor qu\u00e9 los 4 y 5 a\u00f1os son una etapa clave para iniciar el colegio?&nbsp;<\/a><ul class='ez-toc-list-level-3' ><li class='ez-toc-heading-level-3'><a class=\"ez-toc-link ez-toc-heading-2\" href=\"https:\/\/www.recoleta.edu.pe\/blog\/inicial-4-y-5-anos\/#Desarrollo_social_y_emocional\" >Desarrollo social y emocional&nbsp;<\/a><\/li><li class='ez-toc-page-1 ez-toc-heading-level-3'><a class=\"ez-toc-link ez-toc-heading-3\" href=\"https:\/\/www.recoleta.edu.pe\/blog\/inicial-4-y-5-anos\/#Estimulo_cognitivo_y_aprendizaje_estructurado\" >Est\u00edmulo cognitivo y aprendizaje estructurado\u00a0<\/a><\/li><li class='ez-toc-page-1 ez-toc-heading-level-3'><a class=\"ez-toc-link ez-toc-heading-4\" href=\"https:\/\/www.recoleta.edu.pe\/blog\/inicial-4-y-5-anos\/#Adaptacion_gradual_al_mundo_escolar\" >Adaptaci\u00f3n gradual al mundo escolar&nbsp;<\/a><\/li><\/ul><\/li><li class='ez-toc-page-1 ez-toc-heading-level-2'><a class=\"ez-toc-link ez-toc-heading-5\" href=\"https:\/\/www.recoleta.edu.pe\/blog\/inicial-4-y-5-anos\/#%C2%BFComo_acompana_Recoleta_el_proceso_de_adaptacion_escolar\" >\u00bfC\u00f3mo acompa\u00f1a Recoleta el proceso de adaptaci\u00f3n escolar?\u00a0<\/a><ul class='ez-toc-list-level-3' ><li class='ez-toc-heading-level-3'><a class=\"ez-toc-link ez-toc-heading-6\" href=\"https:\/\/www.recoleta.edu.pe\/blog\/inicial-4-y-5-anos\/#Un_entorno_seguro_y_estimulante\" >Un entorno seguro y estimulante&nbsp;<\/a><\/li><li class='ez-toc-page-1 ez-toc-heading-level-3'><a class=\"ez-toc-link ez-toc-heading-7\" href=\"https:\/\/www.recoleta.edu.pe\/blog\/inicial-4-y-5-anos\/#Proceso_de_inmersion_en_ingles\" >Proceso de inmersi\u00f3n en ingl\u00e9s&nbsp;<\/a><\/li><\/ul><\/li><\/ul><\/nav><\/div>\n<h2 class=\"wp-block-heading\"><span class=\"ez-toc-section\" id=\"%C2%BFPor_que_los_4_y_5_anos_son_una_etapa_clave_para_iniciar_el_colegio\"><\/span><strong>\u00bfPor qu\u00e9 los 4 y 5 a\u00f1os son una etapa clave para iniciar el colegio?<\/strong>&nbsp;<span class=\"ez-toc-section-end\"><\/span><\/h2>\n\n\n\n<h3 class=\"wp-block-heading\"><span class=\"ez-toc-section\" id=\"Desarrollo_social_y_emocional\"><\/span><strong>Desarrollo social y emocional<\/strong>&nbsp;<span class=\"ez-toc-section-end\"><\/span><\/h3>\n\n\n\n<p>A los 4 y 5 a\u00f1os, los ni\u00f1os est\u00e1n en una etapa de gran crecimiento emocional y social. Comienzan a formar relaciones m\u00e1s complejas con sus compa\u00f1eros y adultos, lo que les ayuda a desarrollar habilidades de comunicaci\u00f3n y cooperaci\u00f3n.\u00a0\u00a0<\/p>\n\n\n\n<p>En este sentido, el colegio se convierte en un espacio vital donde los ni\u00f1os aprenden a compartir, trabajar en equipo y resolver conflictos de manera adecuada. Adem\u00e1s, comienzan a experimentar un sentido de independencia y autoestima, habilidades fundamentales para su desarrollo personal.<\/p>\n\n\n\n<figure class=\"wp-block-image size-large\"><img loading=\"lazy\" decoding=\"async\" width=\"1024\" height=\"582\" src=\"https:\/\/www.recoleta.edu.pe\/blog\/\/wp-content\/uploads\/2026\/04\/inicial-4-y-5-anos-nota-1024x582.jpg\" alt=\"\" class=\"wp-image-987\" srcset=\"https:\/\/www.recoleta.edu.pe\/blog\/wp-content\/uploads\/2026\/04\/inicial-4-y-5-anos-nota-1024x582.jpg 1024w, https:\/\/www.recoleta.edu.pe\/blog\/wp-content\/uploads\/2026\/04\/inicial-4-y-5-anos-nota-300x170.jpg 300w, https:\/\/www.recoleta.edu.pe\/blog\/wp-content\/uploads\/2026\/04\/inicial-4-y-5-anos-nota-768x436.jpg 768w, https:\/\/www.recoleta.edu.pe\/blog\/wp-content\/uploads\/2026\/04\/inicial-4-y-5-anos-nota.jpg 1320w\" sizes=\"auto, (max-width: 1024px) 100vw, 1024px\" \/><\/figure>\n\n\n\n<h3 class=\"wp-block-heading\"><span class=\"ez-toc-section\" id=\"Estimulo_cognitivo_y_aprendizaje_estructurado\"><\/span><strong>Est\u00edmulo cognitivo y aprendizaje estructurado<\/strong>\u00a0<span class=\"ez-toc-section-end\"><\/span><\/h3>\n\n\n\n<p>A esta edad, los ni\u00f1os tienen una capacidad notable para aprender nuevos conceptos y absorber informaci\u00f3n. Iniciar la vida escolar en Inicial 4 y 5 a\u00f1os les proporciona la oportunidad de desarrollar habilidades cognitivas importantes como la memoria, el pensamiento l\u00f3gico y la resoluci\u00f3n de problemas.&nbsp;&nbsp;<\/p>\n\n\n\n<p>Adem\u00e1s, el entorno escolar permite que los ni\u00f1os comiencen a dominar habilidades b\u00e1sicas de lectura, escritura y matem\u00e1ticas, que servir\u00e1n de base para su educaci\u00f3n posterior.&nbsp;<\/p>\n\n\n\n<h3 class=\"wp-block-heading\"><span class=\"ez-toc-section\" id=\"Adaptacion_gradual_al_mundo_escolar\"><\/span><strong>Adaptaci\u00f3n gradual al mundo escolar<\/strong>&nbsp;<span class=\"ez-toc-section-end\"><\/span><\/h3>\n\n\n\n<p>El ingreso a la escuela en esta etapa tambi\u00e9n permite a los ni\u00f1os adaptarse de manera gradual al entorno acad\u00e9mico. En\u00a0el\u00a0<a href=\"https:\/\/www.recoleta.edu.pe\/niveles\/\/inicial\" target=\"_blank\" rel=\"noreferrer noopener\">Colegio de los Sagrados Corazones Recoleta<\/a>, el proceso de adaptaci\u00f3n se maneja con cuidado, asegurando que cada ni\u00f1o se sienta c\u00f3modo y respaldado en todo momento. Desde el primer d\u00eda, los ni\u00f1os son acompa\u00f1ados por sus profesoras mientras disfrutan del aprendizaje en un entorno lleno de juegos y exploraci\u00f3n.\u00a0<br><\/p>\n\n\n\n<h2 class=\"wp-block-heading\"><span class=\"ez-toc-section\" id=\"%C2%BFComo_acompana_Recoleta_el_proceso_de_adaptacion_escolar\"><\/span><strong>\u00bfC\u00f3mo acompa\u00f1a Recoleta el proceso de adaptaci\u00f3n escolar?<\/strong>\u00a0<span class=\"ez-toc-section-end\"><\/span><\/h2>\n\n\n\n<h3 class=\"wp-block-heading\"><span class=\"ez-toc-section\" id=\"Un_entorno_seguro_y_estimulante\"><\/span><strong>Un entorno seguro y estimulante<\/strong>&nbsp;<span class=\"ez-toc-section-end\"><\/span><\/h3>\n\n\n\n<p>En el&nbsp;Colegio de los Sagrados Corazones Recoleta, la seguridad y el bienestar de los ni\u00f1os son prioridades fundamentales. A trav\u00e9s de espacios dise\u00f1ados espec\u00edficamente para el nivel inicial, los ni\u00f1os se sienten c\u00f3modos y tranquilos, lo que les permite concentrarse en aprender y explorar.&nbsp;&nbsp;<\/p>\n\n\n\n<p>Las aulas est\u00e1n equipadas con materiales did\u00e1cticos que fomentan la curiosidad y el descubrimiento, mientras que los docentes ofrecen un acompa\u00f1amiento cercano y constante para que cada ni\u00f1o se sienta apoyado en todo momento.&nbsp;<\/p>\n\n\n\n<h3 class=\"wp-block-heading\"><span class=\"ez-toc-section\" id=\"Proceso_de_inmersion_en_ingles\"><\/span><strong>Proceso de inmersi\u00f3n en ingl\u00e9s<\/strong>&nbsp;<span class=\"ez-toc-section-end\"><\/span><\/h3>\n\n\n\n<p>Uno de los aspectos m\u00e1s destacados de nuestro programa educativo es el enfoque en la ense\u00f1anza del idioma ingl\u00e9s desde los primeros a\u00f1os. Los ni\u00f1os de Inicial 4 y 5 a\u00f1os son introducidos al ingl\u00e9s de una manera din\u00e1mica y natural a trav\u00e9s de la experiencia&nbsp;<a href=\"https:\/\/www.recoleta.edu.pe\/niveles\/\/inicial\" target=\"_blank\" rel=\"noreferrer noopener\">\u201cCome and Explore\u201d<\/a>. Con dos docentes por aula, uno para ense\u00f1ar en espa\u00f1ol y otro en ingl\u00e9s, los estudiantes se sumergen en el aprendizaje del idioma de forma constante, lo que les ayuda a desarrollar sus habilidades comunicativas en ambos idiomas de manera simult\u00e1nea.&nbsp;<\/p>\n\n\n\n<p>Iniciar la vida escolar en los 4 y 5 a\u00f1os es una etapa ideal para fomentar el desarrollo integral de los ni\u00f1os. En el Colegio de los Sagrados Corazones Recoleta, este proceso es acompa\u00f1ado de manera cuidadosa y estructurada, brindando a los ni\u00f1os un entorno seguro, estimulante y enriquecedor. La combinaci\u00f3n de un enfoque acad\u00e9mico s\u00f3lido, con el acompa\u00f1amiento emocional y social adecuado, asegura que nuestros estudiantes no solo aprendan, sino que tambi\u00e9n crezcan como personas \u00edntegramente formadas.&nbsp;<\/p>\n\n\n\n<p>Si est\u00e1s buscando un colegio que acompa\u00f1e a tu hijo en su desarrollo desde los primeros a\u00f1os,&nbsp;te invitamos a&nbsp;<a href=\"https:\/\/www.recoleta.edu.pe\/quienes-somos\/\" target=\"_blank\" rel=\"noreferrer noopener\">conocer nuestra propuesta educativa<\/a>&nbsp;y a ser parte de nuestra comunidad. \u00a1Postula hoy para el proceso de Admisi\u00f3n 2028 y comienza esta maravillosa etapa educativa con nosotros!&nbsp;<\/p>\n\n\n\n<p><\/p>\n","protected":false},"excerpt":{"rendered":"<p>La decisi\u00f3n de cu\u00e1ndo es el momento adecuado para que un ni\u00f1o comience su educaci\u00f3n escolar es una de las m\u00e1s importantes que enfrentan los padres. En especial, cuando se trata de los niveles Inicial 4 y 5 a\u00f1os, donde el desarrollo social, emocional y cognitivo de los ni\u00f1os da sus primeros pasos significativos en [&hellip;]<\/p>\n","protected":false},"author":1,"featured_media":985,"comment_status":"open","ping_status":"open","sticky":false,"template":"","format":"standard","meta":{"footnotes":""},"categories":[10],"tags":[],"class_list":["post-984","post","type-post","status-publish","format-standard","has-post-thumbnail","hentry","category-admision"],"_links":{"self":[{"href":"https:\/\/www.recoleta.edu.pe\/blog\/wp-json\/wp\/v2\/posts\/984","targetHints":{"allow":["GET"]}}],"collection":[{"href":"https:\/\/www.recoleta.edu.pe\/blog\/wp-json\/wp\/v2\/posts"}],"about":[{"href":"https:\/\/www.recoleta.edu.pe\/blog\/wp-json\/wp\/v2\/types\/post"}],"author":[{"embeddable":true,"href":"https:\/\/www.recoleta.edu.pe\/blog\/wp-json\/wp\/v2\/users\/1"}],"replies":[{"embeddable":true,"href":"https:\/\/www.recoleta.edu.pe\/blog\/wp-json\/wp\/v2\/comments?post=984"}],"version-history":[{"count":2,"href":"https:\/\/www.recoleta.edu.pe\/blog\/wp-json\/wp\/v2\/posts\/984\/revisions"}],"predecessor-version":[{"id":988,"href":"https:\/\/www.recoleta.edu.pe\/blog\/wp-json\/wp\/v2\/posts\/984\/revisions\/988"}],"wp:featuredmedia":[{"embeddable":true,"href":"https:\/\/www.recoleta.edu.pe\/blog\/wp-json\/wp\/v2\/media\/985"}],"wp:attachment":[{"href":"https:\/\/www.recoleta.edu.pe\/blog\/wp-json\/wp\/v2\/media?parent=984"}],"wp:term":[{"taxonomy":"category","embeddable":true,"href":"https:\/\/www.recoleta.edu.pe\/blog\/wp-json\/wp\/v2\/categories?post=984"},{"taxonomy":"post_tag","embeddable":true,"href":"https:\/\/www.recoleta.edu.pe\/blog\/wp-json\/wp\/v2\/tags?post=984"}],"curies":[{"name":"wp","href":"https:\/\/api.w.org\/{rel}","templated":true}]}}