{"id":989,"date":"2026-03-10T16:22:00","date_gmt":"2026-03-10T15:22:00","guid":{"rendered":"https:\/\/www.recoleta.edu.pe\/blog\/?p=989\/"},"modified":"2026-04-29T16:23:12","modified_gmt":"2026-04-29T14:23:12","slug":"colegios-con-espacios-amplios","status":"publish","type":"post","link":"https:\/\/www.recoleta.edu.pe\/blog\/colegios-con-espacios-amplios\/","title":{"rendered":"\u00bfPor qu\u00e9 los colegios con espacios amplios y naturales favorecen la adaptaci\u00f3n escolar?\u00a0"},"content":{"rendered":"\n<p>La adaptaci\u00f3n al colegio es una etapa clave en la vida de los ni\u00f1os. No solo implica integrarse a un nuevo entorno acad\u00e9mico, sino tambi\u00e9n desarrollar confianza, seguridad y bienestar emocional en un espacio desconocido.&nbsp;<\/p>\n\n\n\n<p>En este proceso, la infraestructura del colegio cumple un rol importante. Los espacios amplios, las \u00e1reas verdes y los entornos naturales no son solo un complemento, sino un factor que influye en la experiencia educativa y en la forma en que los estudiantes viven sus primeros a\u00f1os escolares.&nbsp;<\/p>\n\n\n\n<figure class=\"wp-block-image size-large\"><img loading=\"lazy\" decoding=\"async\" width=\"1024\" height=\"582\" src=\"https:\/\/www.recoleta.edu.pe\/blog\/\/wp-content\/uploads\/2026\/04\/colegios-con-espacios-amplios-nota-1024x582.jpg\" alt=\"\" class=\"wp-image-993\" srcset=\"https:\/\/www.recoleta.edu.pe\/blog\/wp-content\/uploads\/2026\/04\/colegios-con-espacios-amplios-nota-1024x582.jpg 1024w, https:\/\/www.recoleta.edu.pe\/blog\/wp-content\/uploads\/2026\/04\/colegios-con-espacios-amplios-nota-300x170.jpg 300w, https:\/\/www.recoleta.edu.pe\/blog\/wp-content\/uploads\/2026\/04\/colegios-con-espacios-amplios-nota-768x436.jpg 768w, https:\/\/www.recoleta.edu.pe\/blog\/wp-content\/uploads\/2026\/04\/colegios-con-espacios-amplios-nota.jpg 1320w\" sizes=\"auto, (max-width: 1024px) 100vw, 1024px\" \/><\/figure>\n\n\n\n<div id=\"ez-toc-container\" class=\"ez-toc-v2_0_82_2 counter-hierarchy ez-toc-counter ez-toc-grey ez-toc-container-direction\">\n<div class=\"ez-toc-title-container\">\n<p class=\"ez-toc-title\" style=\"cursor:inherit\">Tabla de contenidos<\/p>\n<span class=\"ez-toc-title-toggle\"><a href=\"#\" class=\"ez-toc-pull-right ez-toc-btn ez-toc-btn-xs ez-toc-btn-default ez-toc-toggle\" aria-label=\"Alternar tabla de contenidos\"><span class=\"ez-toc-js-icon-con\"><span class=\"\"><span class=\"eztoc-hide\" style=\"display:none;\">Toggle<\/span><span class=\"ez-toc-icon-toggle-span\"><svg style=\"fill: #999;color:#999\" xmlns=\"http:\/\/www.w3.org\/2000\/svg\" class=\"list-377408\" width=\"20px\" height=\"20px\" viewBox=\"0 0 24 24\" fill=\"none\"><path d=\"M6 6H4v2h2V6zm14 0H8v2h12V6zM4 11h2v2H4v-2zm16 0H8v2h12v-2zM4 16h2v2H4v-2zm16 0H8v2h12v-2z\" fill=\"currentColor\"><\/path><\/svg><svg style=\"fill: #999;color:#999\" class=\"arrow-unsorted-368013\" xmlns=\"http:\/\/www.w3.org\/2000\/svg\" width=\"10px\" height=\"10px\" viewBox=\"0 0 24 24\" version=\"1.2\" baseProfile=\"tiny\"><path d=\"M18.2 9.3l-6.2-6.3-6.2 6.3c-.2.2-.3.4-.3.7s.1.5.3.7c.2.2.4.3.7.3h11c.3 0 .5-.1.7-.3.2-.2.3-.5.3-.7s-.1-.5-.3-.7zM5.8 14.7l6.2 6.3 6.2-6.3c.2-.2.3-.5.3-.7s-.1-.5-.3-.7c-.2-.2-.4-.3-.7-.3h-11c-.3 0-.5.1-.7.3-.2.2-.3.5-.3.7s.1.5.3.7z\"\/><\/svg><\/span><\/span><\/span><\/a><\/span><\/div>\n<nav><ul class='ez-toc-list ez-toc-list-level-1 ' ><li class='ez-toc-page-1 ez-toc-heading-level-2'><a class=\"ez-toc-link ez-toc-heading-1\" href=\"https:\/\/www.recoleta.edu.pe\/blog\/colegios-con-espacios-amplios\/#El_valor_de_los_espacios_amplios_en_la_adaptacion_escolar\" >El valor de los espacios amplios en la adaptaci\u00f3n escolar&nbsp;<\/a><\/li><li class='ez-toc-page-1 ez-toc-heading-level-2'><a class=\"ez-toc-link ez-toc-heading-2\" href=\"https:\/\/www.recoleta.edu.pe\/blog\/colegios-con-espacios-amplios\/#Contacto_con_la_naturaleza_un_factor_clave_en_el_desarrollo_integral\" >Contacto con la naturaleza: un factor clave en el desarrollo integral&nbsp;<\/a><ul class='ez-toc-list-level-3' ><li class='ez-toc-heading-level-3'><a class=\"ez-toc-link ez-toc-heading-3\" href=\"https:\/\/www.recoleta.edu.pe\/blog\/colegios-con-espacios-amplios\/#Regulacion_emocional\" >Regulaci\u00f3n emocional&nbsp;<\/a><\/li><li class='ez-toc-page-1 ez-toc-heading-level-3'><a class=\"ez-toc-link ez-toc-heading-4\" href=\"https:\/\/www.recoleta.edu.pe\/blog\/colegios-con-espacios-amplios\/#Mayor_libertad_de_movimiento\" >Mayor libertad de movimiento&nbsp;<\/a><\/li><li class='ez-toc-page-1 ez-toc-heading-level-3'><a class=\"ez-toc-link ez-toc-heading-5\" href=\"https:\/\/www.recoleta.edu.pe\/blog\/colegios-con-espacios-amplios\/#Socializacion_y_convivencia\" >Socializaci\u00f3n y convivencia\u00a0<\/a><\/li><li class='ez-toc-page-1 ez-toc-heading-level-3'><a class=\"ez-toc-link ez-toc-heading-6\" href=\"https:\/\/www.recoleta.edu.pe\/blog\/colegios-con-espacios-amplios\/#Bienestar_general_y_motivacion_por_aprender\" >Bienestar general y motivaci\u00f3n por aprender\u00a0<\/a><\/li><\/ul><\/li><li class='ez-toc-page-1 ez-toc-heading-level-2'><a class=\"ez-toc-link ez-toc-heading-7\" href=\"https:\/\/www.recoleta.edu.pe\/blog\/colegios-con-espacios-amplios\/#Espacios_que_educan_aprendizaje_mas_alla_del_aula\" >Espacios que educan: aprendizaje m\u00e1s all\u00e1 del aula&nbsp;<\/a><\/li><li class='ez-toc-page-1 ez-toc-heading-level-2'><a class=\"ez-toc-link ez-toc-heading-8\" href=\"https:\/\/www.recoleta.edu.pe\/blog\/colegios-con-espacios-amplios\/#Aprendizaje_activo_en_un_entorno_disenado_para_explorar\" >Aprendizaje activo en un entorno dise\u00f1ado para explorar&nbsp;<\/a><\/li><li class='ez-toc-page-1 ez-toc-heading-level-2'><a class=\"ez-toc-link ez-toc-heading-9\" href=\"https:\/\/www.recoleta.edu.pe\/blog\/colegios-con-espacios-amplios\/#Un_entorno_que_acompana_la_adaptacion_y_el_crecimiento\" >Un entorno que acompa\u00f1a la adaptaci\u00f3n y el crecimiento&nbsp;<\/a><\/li><\/ul><\/nav><\/div>\n<h2 class=\"wp-block-heading\"><span class=\"ez-toc-section\" id=\"El_valor_de_los_espacios_amplios_en_la_adaptacion_escolar\"><\/span><strong>El valor de los espacios amplios en la adaptaci\u00f3n escolar<\/strong>&nbsp;<span class=\"ez-toc-section-end\"><\/span><\/h2>\n\n\n\n<p>Los colegios que cuentan con infraestructura abierta y bien distribuida permiten que los estudiantes se desenvuelvan con mayor comodidad y seguridad.&nbsp;<\/p>\n\n\n\n<p>En estos entornos, los ni\u00f1os pueden:&nbsp;<\/p>\n\n\n\n<ul class=\"wp-block-list\">\n<li>Desplazarse en espacios adecuados para su edad\u00a0<\/li>\n<\/ul>\n\n\n\n<ul class=\"wp-block-list\">\n<li>Participar en actividades f\u00edsicas y recreativas de forma constante\u00a0<\/li>\n<\/ul>\n\n\n\n<ul class=\"wp-block-list\">\n<li>Interactuar con otros estudiantes de manera natural\u00a0<\/li>\n<\/ul>\n\n\n\n<ul class=\"wp-block-list\">\n<li>Explorar distintos ambientes de aprendizaje\u00a0<\/li>\n<\/ul>\n\n\n\n<p>Estas experiencias favorecen una adaptaci\u00f3n progresiva, reducen la ansiedad inicial y fortalecen la confianza en el entorno escolar.&nbsp;<\/p>\n\n\n\n<p>El&nbsp;Colegio de los Sagrados Corazones&nbsp;Recoleta&nbsp;cuenta&nbsp;con aproximadamente&nbsp;<strong>1680 m\u00b2 de \u00e1reas verdes<\/strong>&nbsp;y cerca de&nbsp;<strong>150 \u00e1rboles<\/strong>, lo que contribuye a generar un entorno equilibrado entre aprendizaje y naturaleza.&nbsp;<\/p>\n\n\n\n<h2 class=\"wp-block-heading\"><span class=\"ez-toc-section\" id=\"Contacto_con_la_naturaleza_un_factor_clave_en_el_desarrollo_integral\"><\/span><strong>Contacto con la naturaleza: un factor clave en el desarrollo integral<\/strong>&nbsp;<span class=\"ez-toc-section-end\"><\/span><\/h2>\n\n\n\n<p>El contacto con espacios naturales no solo facilita la adaptaci\u00f3n, sino que tambi\u00e9n contribuye al desarrollo emocional, social y cognitivo.&nbsp;<\/p>\n\n\n\n<p>Diversos enfoques educativos actuales coinciden en que aprender en conexi\u00f3n con el entorno favorece experiencias m\u00e1s significativas, especialmente durante la infancia.&nbsp;<\/p>\n\n\n\n<h3 class=\"wp-block-heading\"><span class=\"ez-toc-section\" id=\"Regulacion_emocional\"><\/span><strong><em>Regulaci\u00f3n emocional<\/em><\/strong>&nbsp;<span class=\"ez-toc-section-end\"><\/span><\/h3>\n\n\n\n<p>Los entornos naturales generan espacios m\u00e1s tranquilos. Esto permite que los estudiantes:&nbsp;<\/p>\n\n\n\n<ul class=\"wp-block-list\">\n<li>Reduzcan niveles de estr\u00e9s y ansiedad\u00a0<\/li>\n<\/ul>\n\n\n\n<ul class=\"wp-block-list\">\n<li>Se sientan m\u00e1s relajados y receptivos\u00a0<\/li>\n<\/ul>\n\n\n\n<ul class=\"wp-block-list\">\n<li>Desarrollen mayor capacidad de concentraci\u00f3n\u00a0<\/li>\n<\/ul>\n\n\n\n<p>En el colegio, la presencia de \u00e1rboles como jacarand\u00e1s, ceibas, eucaliptos y araucarias contribuye a crear un ambiente que favorece la calma y el bienestar diario de los estudiantes.&nbsp;<\/p>\n\n\n\n<h3 class=\"wp-block-heading\"><span class=\"ez-toc-section\" id=\"Mayor_libertad_de_movimiento\"><\/span><strong><em>Mayor libertad de movimiento<\/em><\/strong>&nbsp;<span class=\"ez-toc-section-end\"><\/span><\/h3>\n\n\n\n<p>El movimiento es esencial en las primeras etapas del desarrollo. Los espacios abiertos permiten que los ni\u00f1os:&nbsp;<\/p>\n\n\n\n<ul class=\"wp-block-list\">\n<li>Fortalezcan su coordinaci\u00f3n y habilidades motoras\u00a0<\/li>\n<\/ul>\n\n\n\n<ul class=\"wp-block-list\">\n<li>Desarrollen autonom\u00eda y seguridad personal\u00a0<\/li>\n<\/ul>\n\n\n\n<ul class=\"wp-block-list\">\n<li>Participen en actividades f\u00edsicas estructuradas y libres\u00a0<\/li>\n<\/ul>\n\n\n\n<p>Las instalaciones cuentan con patios diferenciados por grado, lo que asegura que cada etapa tenga espacios adecuados para su desarrollo.&nbsp;<\/p>\n\n\n\n<p>Adem\u00e1s, nuestro colegio dispone de infraestructura deportiva como:&nbsp;<\/p>\n\n\n\n<ul class=\"wp-block-list\">\n<li>Cancha de f\u00fatbol de pasto natural reglamentaria (competencias ADECORE)\u00a0<\/li>\n<\/ul>\n\n\n\n<ul class=\"wp-block-list\">\n<li>Cancha de pasto sint\u00e9tico techada\u00a0<\/li>\n<\/ul>\n\n\n\n<p>Esto contribuye a una formaci\u00f3n que integra actividad f\u00edsica, disciplina y trabajo en equipo.&nbsp;<\/p>\n\n\n\n<h3 class=\"wp-block-heading\"><span class=\"ez-toc-section\" id=\"Socializacion_y_convivencia\"><\/span><em><strong>Socializaci\u00f3n y convivencia<\/strong>\u00a0<\/em><span class=\"ez-toc-section-end\"><\/span><\/h3>\n\n\n\n<p>Los espacios amplios favorecen la interacci\u00f3n entre estudiantes, lo que fortalece habilidades sociales clave como:&nbsp;<\/p>\n\n\n\n<ul class=\"wp-block-list\">\n<li>Comunicaci\u00f3n\u00a0<\/li>\n<\/ul>\n\n\n\n<ul class=\"wp-block-list\">\n<li>Trabajo colaborativo\u00a0<\/li>\n<\/ul>\n\n\n\n<ul class=\"wp-block-list\">\n<li>Resoluci\u00f3n de conflictos\u00a0<\/li>\n<\/ul>\n\n\n\n<p>Este enfoque est\u00e1 alineado con la propuesta formativa del colegio, que promueve la convivencia pac\u00edfica, el respeto y la formaci\u00f3n en valores como parte de su identidad educativa.&nbsp;<\/p>\n\n\n\n<h3 class=\"wp-block-heading\"><span class=\"ez-toc-section\" id=\"Bienestar_general_y_motivacion_por_aprender\"><\/span><em><strong>Bienestar general y motivaci\u00f3n por aprender<\/strong>\u00a0<\/em><span class=\"ez-toc-section-end\"><\/span><\/h3>\n\n\n\n<p>Un entorno equilibrado entre espacios abiertos y ambientes acad\u00e9micos permite que los estudiantes:&nbsp;<\/p>\n\n\n\n<ul class=\"wp-block-list\">\n<li>Se sientan m\u00e1s c\u00f3modos dentro del colegio\u00a0<\/li>\n<\/ul>\n\n\n\n<ul class=\"wp-block-list\">\n<li>Participen activamente en clases\u00a0<\/li>\n<\/ul>\n\n\n\n<ul class=\"wp-block-list\">\n<li>Desarrollen una relaci\u00f3n positiva con el aprendizaje\u00a0<\/li>\n<\/ul>\n\n\n\n<p>Esto es especialmente relevante en los primeros a\u00f1os, donde la experiencia emocional influye directamente en el proceso educativo.&nbsp;<\/p>\n\n\n\n<h2 class=\"wp-block-heading\"><span class=\"ez-toc-section\" id=\"Espacios_que_educan_aprendizaje_mas_alla_del_aula\"><\/span><strong>Espacios que educan: aprendizaje m\u00e1s all\u00e1 del aula<\/strong>&nbsp;<span class=\"ez-toc-section-end\"><\/span><\/h2>\n\n\n\n<p>Hoy, el aprendizaje no ocurre \u00fanicamente dentro del aula. Los espacios educativos tambi\u00e9n pueden ser escenarios donde los estudiantes exploran, investigan y construyen conocimiento.&nbsp;<\/p>\n\n\n\n<p>El Colegio de los Sagrados Corazones complementa su infraestructura con espacios orientados al aprendizaje experiencial, como:&nbsp;<\/p>\n\n\n\n<ul class=\"wp-block-list\">\n<li>4 biohuertos\u00a0<\/li>\n<\/ul>\n\n\n\n<ul class=\"wp-block-list\">\n<li>3 jardines verticales\u00a0<\/li>\n<\/ul>\n\n\n\n<ul class=\"wp-block-list\">\n<li>1 vivero\u00a0<\/li>\n<\/ul>\n\n\n\n<ul class=\"wp-block-list\">\n<li>1 invernadero\u00a0<\/li>\n<\/ul>\n\n\n\n<p>Estos entornos permiten que los estudiantes desarrollen conciencia ambiental, pensamiento cr\u00edtico y aprendizaje a partir de la experiencia.&nbsp;<\/p>\n\n\n\n<p>Adem\u00e1s,&nbsp;el colegio&nbsp;cuenta con una casa de jornadas, un espacio&nbsp;dise\u00f1ado&nbsp;para actividades formativas, de integraci\u00f3n y reflexi\u00f3n, que fortalece el desarrollo personal y espiritual del estudiante.&nbsp;<\/p>\n\n\n\n<h2 class=\"wp-block-heading\"><span class=\"ez-toc-section\" id=\"Aprendizaje_activo_en_un_entorno_disenado_para_explorar\"><\/span><strong>Aprendizaje activo en un entorno dise\u00f1ado para explorar<\/strong>&nbsp;<span class=\"ez-toc-section-end\"><\/span><\/h2>\n\n\n\n<p>Los espacios amplios facilitan la implementaci\u00f3n de metodolog\u00edas activas, donde el estudiante tiene un rol participativo en su aprendizaje.&nbsp;<\/p>\n\n\n\n<p>En el Colegio de los Sagrados Corazones Recoleta, este enfoque se refleja en:&nbsp;<\/p>\n\n\n\n<ul class=\"wp-block-list\">\n<li>Aprendizaje basado en proyectos\u00a0<\/li>\n<\/ul>\n\n\n\n<ul class=\"wp-block-list\">\n<li>Trabajo colaborativo\u00a0<\/li>\n<\/ul>\n\n\n\n<ul class=\"wp-block-list\">\n<li>Experiencias dentro y fuera del aula\u00a0<\/li>\n<\/ul>\n\n\n\n<ul class=\"wp-block-list\">\n<li>Integraci\u00f3n de tecnolog\u00eda educativa con espacios f\u00edsicos\u00a0<\/li>\n<\/ul>\n\n\n\n<p>Desde el nivel Inicial, con su enfoque \u201cCome and Explore \u2013&nbsp;Living&nbsp;the&nbsp;Learning&nbsp;Experience\u201d, los estudiantes aprenden a trav\u00e9s de la exploraci\u00f3n y la interacci\u00f3n con su entorno, desarrollando curiosidad y autonom\u00eda desde los primeros a\u00f1os.&nbsp;<\/p>\n\n\n\n<h2 class=\"wp-block-heading\"><span class=\"ez-toc-section\" id=\"Un_entorno_que_acompana_la_adaptacion_y_el_crecimiento\"><\/span><strong>Un entorno que acompa\u00f1a la adaptaci\u00f3n y el crecimiento<\/strong>&nbsp;<span class=\"ez-toc-section-end\"><\/span><\/h2>\n\n\n\n<p>Elegir un colegio no solo implica evaluar el nivel acad\u00e9mico, sino tambi\u00e9n el entorno donde los ni\u00f1os crecer\u00e1n y se desarrollar\u00e1n.&nbsp;<\/p>\n\n\n\n<p>Un espacio amplio, natural y bien dise\u00f1ado puede influir en:&nbsp;<\/p>\n\n\n\n<ul class=\"wp-block-list\">\n<li>La adaptaci\u00f3n escolar\u00a0<\/li>\n<\/ul>\n\n\n\n<ul class=\"wp-block-list\">\n<li>El bienestar emocional\u00a0<\/li>\n<\/ul>\n\n\n\n<ul class=\"wp-block-list\">\n<li>La motivaci\u00f3n por aprender\u00a0<\/li>\n<\/ul>\n\n\n\n<ul class=\"wp-block-list\">\n<li>El desarrollo integral del estudiante\u00a0<\/li>\n<\/ul>\n\n\n\n<p>Por ello, el colegio integra infraestructura, propuesta pedag\u00f3gica y formaci\u00f3n en valores para ofrecer una experiencia educativa completa, donde cada estudiante puede sentirse acogido, seguro y acompa\u00f1ado desde el inicio de su vida escolar.&nbsp;<\/p>\n","protected":false},"excerpt":{"rendered":"<p>La adaptaci\u00f3n al colegio es una etapa clave en la vida de los ni\u00f1os. No solo implica integrarse a un nuevo entorno acad\u00e9mico, sino tambi\u00e9n desarrollar confianza, seguridad y bienestar emocional en un espacio desconocido.&nbsp; En este proceso, la infraestructura del colegio cumple un rol importante. Los espacios amplios, las \u00e1reas verdes y los entornos [&hellip;]<\/p>\n","protected":false},"author":1,"featured_media":991,"comment_status":"open","ping_status":"open","sticky":false,"template":"","format":"standard","meta":{"footnotes":""},"categories":[1],"tags":[],"class_list":["post-989","post","type-post","status-publish","format-standard","has-post-thumbnail","hentry","category-contenido-general"],"_links":{"self":[{"href":"https:\/\/www.recoleta.edu.pe\/blog\/wp-json\/wp\/v2\/posts\/989","targetHints":{"allow":["GET"]}}],"collection":[{"href":"https:\/\/www.recoleta.edu.pe\/blog\/wp-json\/wp\/v2\/posts"}],"about":[{"href":"https:\/\/www.recoleta.edu.pe\/blog\/wp-json\/wp\/v2\/types\/post"}],"author":[{"embeddable":true,"href":"https:\/\/www.recoleta.edu.pe\/blog\/wp-json\/wp\/v2\/users\/1"}],"replies":[{"embeddable":true,"href":"https:\/\/www.recoleta.edu.pe\/blog\/wp-json\/wp\/v2\/comments?post=989"}],"version-history":[{"count":3,"href":"https:\/\/www.recoleta.edu.pe\/blog\/wp-json\/wp\/v2\/posts\/989\/revisions"}],"predecessor-version":[{"id":994,"href":"https:\/\/www.recoleta.edu.pe\/blog\/wp-json\/wp\/v2\/posts\/989\/revisions\/994"}],"wp:featuredmedia":[{"embeddable":true,"href":"https:\/\/www.recoleta.edu.pe\/blog\/wp-json\/wp\/v2\/media\/991"}],"wp:attachment":[{"href":"https:\/\/www.recoleta.edu.pe\/blog\/wp-json\/wp\/v2\/media?parent=989"}],"wp:term":[{"taxonomy":"category","embeddable":true,"href":"https:\/\/www.recoleta.edu.pe\/blog\/wp-json\/wp\/v2\/categories?post=989"},{"taxonomy":"post_tag","embeddable":true,"href":"https:\/\/www.recoleta.edu.pe\/blog\/wp-json\/wp\/v2\/tags?post=989"}],"curies":[{"name":"wp","href":"https:\/\/api.w.org\/{rel}","templated":true}]}}